{"id":96607,"date":"2025-03-08T06:25:10","date_gmt":"2025-03-08T06:25:10","guid":{"rendered":"https:\/\/planetesport.dz\/?p=96607"},"modified":"2025-03-08T06:25:10","modified_gmt":"2025-03-08T06:25:10","slug":"petkovic-aurait-coche-le-nom-de-belaili-sur-sa-liste","status":"publish","type":"post","link":"http:\/\/planetesport.dz\/?p=96607","title":{"rendered":"Petkovi\u0107 aurait coch\u00e9 le nom de Bela\u00efli sur sa liste"},"content":{"rendered":"<p><strong>\u00c0 l\u2019approche du rassemblement de mars, Vladimir Petkovi\u0107 aurait pris sa d\u00e9cision concernant Youcef Bela\u00efli.<\/strong><\/p>\n<p>La s\u00e9lection nationale s\u2019appr\u00eate \u00e0 affronter le Botswana et le Mozambique les 21 et 25 mars, dans le cadre des \u00e9liminatoires de la Coupe du monde 2026. Selon plusieurs sources, le s\u00e9lectionneur national aurait cette fois choisi d\u2019inclure Bela\u00efli dans ses plans. L\u2019attaquant de l\u2019Esp\u00e9rance de Tunis aurait re\u00e7u une pr\u00e9-convocation, et son nom pourrait figurer dans la liste d\u00e9finitive. Si cela se confirme, ce serait une premi\u00e8re sous l\u2019\u00e8re Petkovi\u0107, qui ne l\u2019avait encore jamais convoqu\u00e9 depuis sa prise de fonction en f\u00e9vrier 2024. Le meilleur buteur de la Ligue des champions africaine devrait signer ainsi son grand retour en s\u00e9lection, plus d\u2019un an apr\u00e8s l\u2019\u00e9limination pr\u00e9matur\u00e9e des Verts lors de la CAN-2023.<\/p>\n<p style=\"text-align: right\"><strong>Djamel ABED<\/strong><\/p>\n","protected":false},"excerpt":{"rendered":"<p>\u00c0 l\u2019approche du rassemblement de mars, Vladimir Petkovi\u0107 aurait pris sa d\u00e9cision concernant Youcef Bela\u00efli. La s\u00e9lection nationale s\u2019appr\u00eate \u00e0 affronter le Botswana et le Mozambique les 21 et 25 mars, dans le cadre des \u00e9liminatoires de la Coupe du monde 2026. Selon plusieurs sources, le s\u00e9lectionneur national aurait cette fois choisi d\u2019inclure Bela\u00efli dans &hellip;<\/p>\n","protected":false},"author":3,"featured_media":96645,"comment_status":"open","ping_status":"open","sticky":false,"template":"","format":"standard","meta":{"footnotes":""},"categories":[128],"tags":[],"class_list":["post-96607","post","type-post","status-publish","format-standard","has-post-thumbnail","hentry","category-football-etranger"],"_links":{"self":[{"href":"http:\/\/planetesport.dz\/index.php?rest_route=\/wp\/v2\/posts\/96607","targetHints":{"allow":["GET"]}}],"collection":[{"href":"http:\/\/planetesport.dz\/index.php?rest_route=\/wp\/v2\/posts"}],"about":[{"href":"http:\/\/planetesport.dz\/index.php?rest_route=\/wp\/v2\/types\/post"}],"author":[{"embeddable":true,"href":"http:\/\/planetesport.dz\/index.php?rest_route=\/wp\/v2\/users\/3"}],"replies":[{"embeddable":true,"href":"http:\/\/planetesport.dz\/index.php?rest_route=%2Fwp%2Fv2%2Fcomments&post=96607"}],"version-history":[{"count":1,"href":"http:\/\/planetesport.dz\/index.php?rest_route=\/wp\/v2\/posts\/96607\/revisions"}],"predecessor-version":[{"id":96687,"href":"http:\/\/planetesport.dz\/index.php?rest_route=\/wp\/v2\/posts\/96607\/revisions\/96687"}],"wp:featuredmedia":[{"embeddable":true,"href":"http:\/\/planetesport.dz\/index.php?rest_route=\/wp\/v2\/media\/96645"}],"wp:attachment":[{"href":"http:\/\/planetesport.dz\/index.php?rest_route=%2Fwp%2Fv2%2Fmedia&parent=96607"}],"wp:term":[{"taxonomy":"category","embeddable":true,"href":"http:\/\/planetesport.dz\/index.php?rest_route=%2Fwp%2Fv2%2Fcategories&post=96607"},{"taxonomy":"post_tag","embeddable":true,"href":"http:\/\/planetesport.dz\/index.php?rest_route=%2Fwp%2Fv2%2Ftags&post=96607"}],"curies":[{"name":"wp","href":"https:\/\/api.w.org\/{rel}","templated":true}]}}