{"id":94769,"date":"2025-02-23T01:09:09","date_gmt":"2025-02-23T01:09:09","guid":{"rendered":"https:\/\/planetesport.dz\/?p=94769"},"modified":"2025-02-23T01:09:09","modified_gmt":"2025-02-23T01:09:09","slug":"barbari-veut-donner-une-nouvelle-dimension-a-la-discipline","status":"publish","type":"post","link":"http:\/\/planetesport.dz\/?p=94769","title":{"rendered":"Barbari veut donner une nouvelle dimension \u00e0 la discipline\u00a0 \u00a0"},"content":{"rendered":"<div><strong>Le cyclisme alg\u00e9rien est en pleine effervescence, notamment apr\u00e8s la r\u00e9cente \u00e9lection de Kheireddine Barbari comme d\u00e9l\u00e9gu\u00e9 africain aupr\u00e8s de l\u2019Union cycliste internationale (UCI).\u00a0Ce poste prestigieux n\u2019est pas seulement un honneur personnel pour M. Barbari, mais \u00e9galement un acquis important pour l\u2019Alg\u00e9rie dans sa qu\u00eate d\u2019une repr\u00e9sentation accrue au niveau international ; comme il l\u2019exprime.\u00a0<\/strong><\/div>\n<div><\/div>\n<div>\u00abC\u2019est d\u2019abord un acquis important pour l\u2019Alg\u00e9rie avant d\u2019\u00eatre un succ\u00e8s pour moi \u00bb, a d\u00e9clar\u00e9 Kheireddine Barbari. \u00ab Bien \u00e9videmment, je suis content de mon \u00e9lection \u00e0 ce poste. \u00bb Cette nomination s\u2019inscrit dans une d\u00e9marche strat\u00e9gique plus large visant \u00e0 renforcer la pr\u00e9sence alg\u00e9rienne au sein des organisations sportives internationales. En effet, outre M. Barbari, la juge nationale Hind Bensallah a \u00e9galement \u00e9t\u00e9 \u00e9lue membre votant aupr\u00e8s de l\u2019UCI, soulignant ainsi le dynamisme du cyclisme alg\u00e9rien sur la sc\u00e8ne mondiale.<\/div>\n<div>Une pr\u00e9sence active au sein des instances internationales est n\u00e9cessaire pour d\u00e9fendre les int\u00e9r\u00eats nationaux et tirer profit des programmes de solidarit\u00e9 et d\u00e9veloppement offerts par ces organisations. \u00ab Cela nous permettra de d\u00e9fendre les int\u00e9r\u00eats du pays \u00bb, explique M. Barbari. De plus, figurer parmi les personnalit\u00e9s influentes du cyclisme mondial constitue une fiert\u00e9 tant personnelle que nationale.<\/div>\n<div><\/div>\n<div><strong>L\u2019organisation, l\u2019autre satisfecit\u00a0<\/strong><\/div>\n<div>Quant au Tour d\u2019Alg\u00e9rie cycliste-2025, il\u00a0 a \u00e9t\u00e9 marqu\u00e9 par une organisation exemplaire et les performances exceptionnelles de la formation Madar Pro Cycling. \u00ab C\u2019est une satisfaction suppl\u00e9mentaire apr\u00e8s avoir fait preuve d\u2019une excellente organisation \u00bb, a soulign\u00e9 Barbari ; en r\u00e9f\u00e9rence aux exploits de cette \u00e9quipe continentale professionnelle qui a domin\u00e9 le tournoi. \u00ab Cet exploit n\u2019est pas vraiment une surprise \u00bb, poursuit-il, \u00ab dans la mesure o\u00f9 les cons\u00e9crations au niveau international \u00e9taient l\u2019objectif principal de la cr\u00e9ation de cette formation. \u00bb Il remercie vivement les responsables du groupe Madar pour leur important soutien financier qui permet aux athl\u00e8tes alg\u00e9riens de se pr\u00e9parer efficacement et de progresser dans leur carri\u00e8re sportive.<\/div>\n<div><\/div>\n<div>En effet, la pr\u00e9paration du Tour commence bien avant son d\u00e9but effectif ; elle n\u00e9cessite plusieurs mois de planification minutieuse, incluant diverses \u00e9tapes cl\u00e9s telles que Laghouat-Gharda\u00efa, o\u00f9 se sont prises certaines d\u00e9cisions importantes concernant le classement final des coureurs participants.<\/div>\n<div>\u00ab Un \u00e9v\u00e8nement comme celui-ci se pr\u00e9pare environ un an \u00e0 l\u2019avance \u00bb, pr\u00e9cise M. Barbari en parlant des prochaines \u00e9tapes envisag\u00e9es par son \u00e9quipe d\u2019organisation afin non seulement maintenir mais aussi accro\u00eetre sa port\u00e9e g\u00e9ographique future tout en impliquant davantage encore villes locales gr\u00e2ce auxquelles il esp\u00e8re obtenir soutiens suppl\u00e9mentaires \u00e0 l\u2019avenir.\u00a0En somme, sous la direction dynamique de Kheireddine Barbari, le cyclisme alg\u00e9rien semble pr\u00eat \u00e0 revoir ses ambitions \u00e0 la hausse tout en renfor\u00e7ant sa position gr\u00e2ce \u00e0 ses r\u00e9alisations remarquables tant sur piste qu\u2019en termes institutionnels internationaux.<\/div>\n<div><\/div>\n<div style=\"text-align: right\"><strong>K. M.<\/strong><\/div>\n","protected":false},"excerpt":{"rendered":"<p>Le cyclisme alg\u00e9rien est en pleine effervescence, notamment apr\u00e8s la r\u00e9cente \u00e9lection de Kheireddine Barbari comme d\u00e9l\u00e9gu\u00e9 africain aupr\u00e8s de l\u2019Union cycliste internationale (UCI).\u00a0Ce poste prestigieux n\u2019est pas seulement un honneur personnel pour M. Barbari, mais \u00e9galement un acquis important pour l\u2019Alg\u00e9rie dans sa qu\u00eate d\u2019une repr\u00e9sentation accrue au niveau international ; comme il l\u2019exprime.\u00a0 &hellip;<\/p>\n","protected":false},"author":3,"featured_media":94827,"comment_status":"open","ping_status":"open","sticky":false,"template":"","format":"standard","meta":{"footnotes":""},"categories":[156,129],"tags":[],"class_list":["post-94769","post","type-post","status-publish","format-standard","has-post-thumbnail","hentry","category-cyclisme","category-omnisport"],"_links":{"self":[{"href":"http:\/\/planetesport.dz\/index.php?rest_route=\/wp\/v2\/posts\/94769","targetHints":{"allow":["GET"]}}],"collection":[{"href":"http:\/\/planetesport.dz\/index.php?rest_route=\/wp\/v2\/posts"}],"about":[{"href":"http:\/\/planetesport.dz\/index.php?rest_route=\/wp\/v2\/types\/post"}],"author":[{"embeddable":true,"href":"http:\/\/planetesport.dz\/index.php?rest_route=\/wp\/v2\/users\/3"}],"replies":[{"embeddable":true,"href":"http:\/\/planetesport.dz\/index.php?rest_route=%2Fwp%2Fv2%2Fcomments&post=94769"}],"version-history":[{"count":1,"href":"http:\/\/planetesport.dz\/index.php?rest_route=\/wp\/v2\/posts\/94769\/revisions"}],"predecessor-version":[{"id":94878,"href":"http:\/\/planetesport.dz\/index.php?rest_route=\/wp\/v2\/posts\/94769\/revisions\/94878"}],"wp:featuredmedia":[{"embeddable":true,"href":"http:\/\/planetesport.dz\/index.php?rest_route=\/wp\/v2\/media\/94827"}],"wp:attachment":[{"href":"http:\/\/planetesport.dz\/index.php?rest_route=%2Fwp%2Fv2%2Fmedia&parent=94769"}],"wp:term":[{"taxonomy":"category","embeddable":true,"href":"http:\/\/planetesport.dz\/index.php?rest_route=%2Fwp%2Fv2%2Fcategories&post=94769"},{"taxonomy":"post_tag","embeddable":true,"href":"http:\/\/planetesport.dz\/index.php?rest_route=%2Fwp%2Fv2%2Ftags&post=94769"}],"curies":[{"name":"wp","href":"https:\/\/api.w.org\/{rel}","templated":true}]}}