{"id":72547,"date":"2024-09-01T08:29:26","date_gmt":"2024-09-01T08:29:26","guid":{"rendered":"https:\/\/planetesport.dz\/?p=72547"},"modified":"2024-09-01T08:29:57","modified_gmt":"2024-09-01T08:29:57","slug":"come-na-pas-inscrit-raphael-varane-en-serie-a","status":"publish","type":"post","link":"http:\/\/planetesport.dz\/?p=72547","title":{"rendered":"C\u00f4me n\u2019a pas inscrit Rapha\u00ebl Varane en Serie A"},"content":{"rendered":"\n<p>C\u2019est une tr\u00e8s mauvaise nouvelle pour Rapha\u00ebl Varane, particuli\u00e8rement inattendue. Recrut\u00e9 libre par le C\u00f4me de Cesc Fabregas cet \u00e9t\u00e9, le d\u00e9fenseur fran\u00e7ais ne figure pas dans la liste des joueurs inscrits par son club pour \u00e9voluer en Serie A cette saison, \u00e0 l\u2019instar de Victor Osimhen. Aucune explication officielle n\u2019a \u00e9t\u00e9 donn\u00e9e par le club mais il semblerait qu\u2019elle soit bien diff\u00e9rente de celle du Nig\u00e9rian de Naples. Le probl\u00e8me au genou intervenu lors du seul match disput\u00e9 par le champion du monde avec sa nouvelle \u00e9quipe le 11 ao\u00fbt dernier en Coupe d\u2019Italie en serait la cause. Titulaire ce jour-l\u00e0, l\u2019ancien Mancunien \u00e9tait sorti apr\u00e8s 23 minutes de jeu seulement. Cette blessure pourrait bien \u00eatre assez grave, au point que Come envisage d\u00e9j\u00e0 de r\u00e9silier son contrat, selon Sportmediase.<\/p>\n","protected":false},"excerpt":{"rendered":"<p>C\u2019est une tr\u00e8s mauvaise nouvelle pour Rapha\u00ebl Varane, particuli\u00e8rement inattendue. Recrut\u00e9 libre par le C\u00f4me de Cesc Fabregas cet \u00e9t\u00e9, le d\u00e9fenseur fran\u00e7ais ne figure pas dans la liste des joueurs inscrits par son club pour \u00e9voluer en Serie A cette saison, \u00e0 l\u2019instar de Victor Osimhen. Aucune explication officielle n\u2019a \u00e9t\u00e9 donn\u00e9e par le &hellip;<\/p>\n","protected":false},"author":3,"featured_media":72595,"comment_status":"open","ping_status":"open","sticky":false,"template":"","format":"standard","meta":{"footnotes":""},"categories":[128],"tags":[],"class_list":["post-72547","post","type-post","status-publish","format-standard","has-post-thumbnail","hentry","category-football-etranger"],"_links":{"self":[{"href":"http:\/\/planetesport.dz\/index.php?rest_route=\/wp\/v2\/posts\/72547","targetHints":{"allow":["GET"]}}],"collection":[{"href":"http:\/\/planetesport.dz\/index.php?rest_route=\/wp\/v2\/posts"}],"about":[{"href":"http:\/\/planetesport.dz\/index.php?rest_route=\/wp\/v2\/types\/post"}],"author":[{"embeddable":true,"href":"http:\/\/planetesport.dz\/index.php?rest_route=\/wp\/v2\/users\/3"}],"replies":[{"embeddable":true,"href":"http:\/\/planetesport.dz\/index.php?rest_route=%2Fwp%2Fv2%2Fcomments&post=72547"}],"version-history":[{"count":1,"href":"http:\/\/planetesport.dz\/index.php?rest_route=\/wp\/v2\/posts\/72547\/revisions"}],"predecessor-version":[{"id":72596,"href":"http:\/\/planetesport.dz\/index.php?rest_route=\/wp\/v2\/posts\/72547\/revisions\/72596"}],"wp:featuredmedia":[{"embeddable":true,"href":"http:\/\/planetesport.dz\/index.php?rest_route=\/wp\/v2\/media\/72595"}],"wp:attachment":[{"href":"http:\/\/planetesport.dz\/index.php?rest_route=%2Fwp%2Fv2%2Fmedia&parent=72547"}],"wp:term":[{"taxonomy":"category","embeddable":true,"href":"http:\/\/planetesport.dz\/index.php?rest_route=%2Fwp%2Fv2%2Fcategories&post=72547"},{"taxonomy":"post_tag","embeddable":true,"href":"http:\/\/planetesport.dz\/index.php?rest_route=%2Fwp%2Fv2%2Ftags&post=72547"}],"curies":[{"name":"wp","href":"https:\/\/api.w.org\/{rel}","templated":true}]}}