{"id":69151,"date":"2024-08-08T00:11:04","date_gmt":"2024-08-08T00:11:04","guid":{"rendered":"https:\/\/planetesport.dz\/?p=69151"},"modified":"2024-08-08T00:11:51","modified_gmt":"2024-08-08T00:11:51","slug":"en-combat-demonstration-abdelmouneme-basta-se-distingue","status":"publish","type":"post","link":"http:\/\/planetesport.dz\/?p=69151","title":{"rendered":"En combat d\u00e9monstration Abdelmouneme Basta se distingue"},"content":{"rendered":"\n<p>Le boxeur tha\u00ef de l&rsquo;\u00e9quipe nationale alg\u00e9rienne, Abdelmouneme Basta, a \u00e9t\u00e9 couronn\u00e9 et r\u00e9compens\u00e9 ce mardi, d&rsquo;une m\u00e9daille historique, pour son combat d\u00e9monstration de haute facture, aux Jeux Olympiques organis\u00e9s \u00e0 Paris. Le champion alg\u00e9rien, a \u00e9t\u00e9 f\u00e9licit\u00e9 pour son bon combat, par le secr\u00e9taire g\u00e9n\u00e9ral de la F\u00e9d\u00e9ration internationale de Muay Tha\u00ef (IFMA), Stephen Fox, en pr\u00e9sence de la star internationale Banchamek Buakaw. Basta, a affront\u00e9 et battu le boxeur australien Ibrahim Abou Salah, dans la cat\u00e9gorie des 60 kg. Seul athl\u00e8te alg\u00e9rien parmi de nombreux boxeurs repr\u00e9sentants 24 pays, Basta, est accompagn\u00e9 \u00e0 Paris par son entra\u00eeneur national Rabah Zeghraba. Il convient de rappeler que le Muay-Thai est pr\u00e9sent\u00e9 comme programme parall\u00e8le aux Jeux Olympiques de 2024, sur invitation du Comit\u00e9 olympique international.<\/p>\n\n\n\n<p>Le pr\u00e9sident de la F\u00e9d\u00e9ration Internationale des Associations de Muay-Thai (IFMA), a salu\u00e9 l\u2019\u00e9v\u00e9nement comme \u00e9tant un grand pas dans le r\u00eave des Tha\u00eflandais de voir le Muay-Thai, parmi les sports olympiques \u00e0 l\u2019avenir. Il faut savoir aussi, que la d\u00e9monstration du Muay-Thai, durera 5 jours. Un ring de boxe de Boxe a \u00e9t\u00e9 install\u00e9 sp\u00e9cialement pour l\u2019\u00e9v\u00e9nement au Club France. A noter que le jeune athl\u00e8te alg\u00e9rien, Basta a \u00e9t\u00e9 invit\u00e9 officiellement par la F\u00e9d\u00e9ration internationale de Muay-Thai (IFMA), pour prendre part au tournoi d\u2019exhibition, qui se d\u00e9roule dans la capitale fran\u00e7aise. Pour rappel, Abdelmouneme, soci\u00e9taire d\u2019un club d\u2019Alger, a d\u00e9croch\u00e9 la m\u00e9daille de bronze lors de la Coupe du monde de Muay-Thai et Kick-boxing, organis\u00e9e le mois d\u2019octobre 2023 \u00e0 Antalya (Turquie). Abdelmouneme Basta (-60 kg), s\u2019est \u00e9galement illustr\u00e9 le mois de mai de la m\u00eame ann\u00e9e, en d\u00e9crochant la m\u00e9daille d&rsquo;argent lors des Mondiaux 2023 de Muay-Thai qui se sont d\u00e9roul\u00e9s \u00e0 Bangkok en Tha\u00eflande. Ce Jeune talent d\u2019Alger, faut-il le rappeler, a d\u00e9but\u00e9 la pratique du Muay-Thai \u00e0 l\u2019\u00e2ge de 14 ans. <\/p>\n\n\n\n<p>Aujourd\u2019hui, il est licenci\u00e9 au club Widad Riadhi de Sidi M\u2019Hamed Alger (WRBSM), chez l\u2019entra\u00eeneur d\u2019exp\u00e9rience Abdelmalek Sanaa, qui l\u2019a bien forg\u00e9. Il a commenc\u00e9 par d\u00e9crocher le titre national, d\u00e8s sa premi\u00e8re ann\u00e9e au sein de son nouveau club de Sidi M\u2019Hamed. Sa progression est fulgurante et se dote de bonnes capacit\u00e9s physiques et techniques, qui lui ont permis d\u2019\u00eatre vice-champion arabe, un premier temps, puis champion arabe \u00e0 Abou Dhabi, dans une autre comp\u00e9tition arabe. Il est aussi vice-champion d\u2019Afrique avant de participer aux mondiaux de 2023 \u00e0 Bangkok, o\u00f9 il d\u00e9croche la m\u00e9daille d\u2019Argent et il est d\u00e9tenteur de la m\u00e9daille de bronze en Coupe du monde \u00e0 Antalya (Turquie). Il est appel\u00e9 \u00e0 rejoindre la saison prochaine le club professionnel \u00ab Desert Wariors \u00bb \u00e0 Alger, o\u00f9 il compte relancer la carri\u00e8re professionnelle chez le coach Sid Ali Benaissa.<\/p>\n\n\n\n<p class=\"has-text-align-right\"><br><strong>B. Sadek<\/strong><\/p>\n\n\n\n<p><\/p>\n","protected":false},"excerpt":{"rendered":"<p>Le boxeur tha\u00ef de l&rsquo;\u00e9quipe nationale alg\u00e9rienne, Abdelmouneme Basta, a \u00e9t\u00e9 couronn\u00e9 et r\u00e9compens\u00e9 ce mardi, d&rsquo;une m\u00e9daille historique, pour son combat d\u00e9monstration de haute facture, aux Jeux Olympiques organis\u00e9s \u00e0 Paris. Le champion alg\u00e9rien, a \u00e9t\u00e9 f\u00e9licit\u00e9 pour son bon combat, par le secr\u00e9taire g\u00e9n\u00e9ral de la F\u00e9d\u00e9ration internationale de Muay Tha\u00ef (IFMA), Stephen &hellip;<\/p>\n","protected":false},"author":3,"featured_media":69166,"comment_status":"open","ping_status":"open","sticky":false,"template":"","format":"standard","meta":{"footnotes":""},"categories":[164,129],"tags":[],"class_list":["post-69151","post","type-post","status-publish","format-standard","has-post-thumbnail","hentry","category-arts-martiaux","category-omnisport"],"_links":{"self":[{"href":"http:\/\/planetesport.dz\/index.php?rest_route=\/wp\/v2\/posts\/69151","targetHints":{"allow":["GET"]}}],"collection":[{"href":"http:\/\/planetesport.dz\/index.php?rest_route=\/wp\/v2\/posts"}],"about":[{"href":"http:\/\/planetesport.dz\/index.php?rest_route=\/wp\/v2\/types\/post"}],"author":[{"embeddable":true,"href":"http:\/\/planetesport.dz\/index.php?rest_route=\/wp\/v2\/users\/3"}],"replies":[{"embeddable":true,"href":"http:\/\/planetesport.dz\/index.php?rest_route=%2Fwp%2Fv2%2Fcomments&post=69151"}],"version-history":[{"count":1,"href":"http:\/\/planetesport.dz\/index.php?rest_route=\/wp\/v2\/posts\/69151\/revisions"}],"predecessor-version":[{"id":69167,"href":"http:\/\/planetesport.dz\/index.php?rest_route=\/wp\/v2\/posts\/69151\/revisions\/69167"}],"wp:featuredmedia":[{"embeddable":true,"href":"http:\/\/planetesport.dz\/index.php?rest_route=\/wp\/v2\/media\/69166"}],"wp:attachment":[{"href":"http:\/\/planetesport.dz\/index.php?rest_route=%2Fwp%2Fv2%2Fmedia&parent=69151"}],"wp:term":[{"taxonomy":"category","embeddable":true,"href":"http:\/\/planetesport.dz\/index.php?rest_route=%2Fwp%2Fv2%2Fcategories&post=69151"},{"taxonomy":"post_tag","embeddable":true,"href":"http:\/\/planetesport.dz\/index.php?rest_route=%2Fwp%2Fv2%2Ftags&post=69151"}],"curies":[{"name":"wp","href":"https:\/\/api.w.org\/{rel}","templated":true}]}}