{"id":66885,"date":"2024-07-27T00:20:04","date_gmt":"2024-07-27T00:20:04","guid":{"rendered":"https:\/\/planetesport.dz\/?p=66885"},"modified":"2024-07-27T00:20:36","modified_gmt":"2024-07-27T00:20:36","slug":"le-sc-farense-veut-enroler-boucherit","status":"publish","type":"post","link":"http:\/\/planetesport.dz\/?p=66885","title":{"rendered":"Le SC Farense veut enr\u00f4ler Boucherit"},"content":{"rendered":"\n<p>Consid\u00e9r\u00e9 comme la grande r\u00e9v\u00e9lation mouloud\u00e9enne lors de la saison \u00e9coul\u00e9e, le jeune attaquant, Mehdi Boucherit ne laisse pas indiff\u00e9rent certains clubs europ\u00e9ens. On vient d\u2019ailleurs d\u2019apprendre que l\u2019\u00e9quipe du SC Farense qui \u00e9volue en premi\u00e8re division du championnat portugais vient de manifester son int\u00e9r\u00eat pour Boucherit. L\u2019\u00e9quipe qui compte d\u00e9j\u00e0 dans ses rangs un certain Bachir Belloumi, veut enr\u00f4ler un autre talent alg\u00e9rien. Reste maintenant \u00e0 conna\u00eetre la position du pr\u00e9sident, Hakim Hadj Redjem qui pourrait ne pas objecter pour ne pas priver le jeune joueur d\u2019une carri\u00e8re professionnelle. Rappelons que Mehdi, c\u2019est trois buts cette saison dont deux en Coupe d\u2019Alg\u00e9rie plus une passe d\u00e9cisive. Beaumelle compte beaucoup sur le jeune joueur qui pourrait afficher ses envies d\u2019ailleurs surtout qu\u2019il a une tr\u00e8s belle opportunit\u00e9 de rejoindre un club europ\u00e9en.<\/p>\n\n\n\n<p><\/p>\n\n\n\n<p class=\"has-text-align-right\"><br><strong>N. L.<\/strong><\/p>\n\n\n\n<p><\/p>\n\n\n\n<p><\/p>\n","protected":false},"excerpt":{"rendered":"<p>Consid\u00e9r\u00e9 comme la grande r\u00e9v\u00e9lation mouloud\u00e9enne lors de la saison \u00e9coul\u00e9e, le jeune attaquant, Mehdi Boucherit ne laisse pas indiff\u00e9rent certains clubs europ\u00e9ens. On vient d\u2019ailleurs d\u2019apprendre que l\u2019\u00e9quipe du SC Farense qui \u00e9volue en premi\u00e8re division du championnat portugais vient de manifester son int\u00e9r\u00eat pour Boucherit. L\u2019\u00e9quipe qui compte d\u00e9j\u00e0 dans ses rangs un &hellip;<\/p>\n","protected":false},"author":3,"featured_media":0,"comment_status":"open","ping_status":"open","sticky":false,"template":"","format":"standard","meta":{"footnotes":""},"categories":[127],"tags":[],"class_list":["post-66885","post","type-post","status-publish","format-standard","hentry","category-football-algerien"],"_links":{"self":[{"href":"http:\/\/planetesport.dz\/index.php?rest_route=\/wp\/v2\/posts\/66885","targetHints":{"allow":["GET"]}}],"collection":[{"href":"http:\/\/planetesport.dz\/index.php?rest_route=\/wp\/v2\/posts"}],"about":[{"href":"http:\/\/planetesport.dz\/index.php?rest_route=\/wp\/v2\/types\/post"}],"author":[{"embeddable":true,"href":"http:\/\/planetesport.dz\/index.php?rest_route=\/wp\/v2\/users\/3"}],"replies":[{"embeddable":true,"href":"http:\/\/planetesport.dz\/index.php?rest_route=%2Fwp%2Fv2%2Fcomments&post=66885"}],"version-history":[{"count":1,"href":"http:\/\/planetesport.dz\/index.php?rest_route=\/wp\/v2\/posts\/66885\/revisions"}],"predecessor-version":[{"id":66983,"href":"http:\/\/planetesport.dz\/index.php?rest_route=\/wp\/v2\/posts\/66885\/revisions\/66983"}],"wp:attachment":[{"href":"http:\/\/planetesport.dz\/index.php?rest_route=%2Fwp%2Fv2%2Fmedia&parent=66885"}],"wp:term":[{"taxonomy":"category","embeddable":true,"href":"http:\/\/planetesport.dz\/index.php?rest_route=%2Fwp%2Fv2%2Fcategories&post=66885"},{"taxonomy":"post_tag","embeddable":true,"href":"http:\/\/planetesport.dz\/index.php?rest_route=%2Fwp%2Fv2%2Ftags&post=66885"}],"curies":[{"name":"wp","href":"https:\/\/api.w.org\/{rel}","templated":true}]}}