{"id":56660,"date":"2024-05-13T01:12:12","date_gmt":"2024-05-13T01:12:12","guid":{"rendered":"https:\/\/planetesport.dz\/?p=56660"},"modified":"2024-05-13T01:12:12","modified_gmt":"2024-05-13T01:12:12","slug":"boucherit-se-distingue-avec-les-u-21","status":"publish","type":"post","link":"http:\/\/planetesport.dz\/?p=56660","title":{"rendered":"Boucherit se distingue avec les U-21"},"content":{"rendered":"<p><span class=\"s6\"><span class=\"bumpedFont15\">Le jeune Mehdi Boucherit a pris part<\/span><\/span><span class=\"s6\"><span class=\"bumpedFont15\">,<\/span><\/span> <span class=\"s6\"><span class=\"bumpedFont15\">avant-hier,<\/span><\/span><span class=\"s6\"><span class=\"bumpedFont15\"> au match de la 23<\/span><\/span><span class=\"s9\"><span class=\"bumpedFont15\">e<\/span><\/span><span class=\"s6\"><span class=\"bumpedFont15\"> journ\u00e9e de championnat avec les U-21 \u00e0 Magra. L\u2019attaquant mouloud\u00e9en s\u2019est illustr\u00e9 en signant le deuxi\u00e8me but de son \u00e9quipe qui s\u2019imposera sur la marque de 2 \u00e0 0. \u00a0<\/span><\/span><\/p>\n","protected":false},"excerpt":{"rendered":"<p>Le jeune Mehdi Boucherit a pris part, avant-hier, au match de la 23e journ\u00e9e de championnat avec les U-21 \u00e0 Magra. L\u2019attaquant mouloud\u00e9en s\u2019est illustr\u00e9 en signant le deuxi\u00e8me but de son \u00e9quipe qui s\u2019imposera sur la marque de 2 \u00e0 0. \u00a0<\/p>\n","protected":false},"author":7,"featured_media":56661,"comment_status":"open","ping_status":"open","sticky":false,"template":"","format":"standard","meta":{"footnotes":""},"categories":[127],"tags":[],"class_list":["post-56660","post","type-post","status-publish","format-standard","has-post-thumbnail","hentry","category-football-algerien"],"_links":{"self":[{"href":"http:\/\/planetesport.dz\/index.php?rest_route=\/wp\/v2\/posts\/56660","targetHints":{"allow":["GET"]}}],"collection":[{"href":"http:\/\/planetesport.dz\/index.php?rest_route=\/wp\/v2\/posts"}],"about":[{"href":"http:\/\/planetesport.dz\/index.php?rest_route=\/wp\/v2\/types\/post"}],"author":[{"embeddable":true,"href":"http:\/\/planetesport.dz\/index.php?rest_route=\/wp\/v2\/users\/7"}],"replies":[{"embeddable":true,"href":"http:\/\/planetesport.dz\/index.php?rest_route=%2Fwp%2Fv2%2Fcomments&post=56660"}],"version-history":[{"count":1,"href":"http:\/\/planetesport.dz\/index.php?rest_route=\/wp\/v2\/posts\/56660\/revisions"}],"predecessor-version":[{"id":56662,"href":"http:\/\/planetesport.dz\/index.php?rest_route=\/wp\/v2\/posts\/56660\/revisions\/56662"}],"wp:featuredmedia":[{"embeddable":true,"href":"http:\/\/planetesport.dz\/index.php?rest_route=\/wp\/v2\/media\/56661"}],"wp:attachment":[{"href":"http:\/\/planetesport.dz\/index.php?rest_route=%2Fwp%2Fv2%2Fmedia&parent=56660"}],"wp:term":[{"taxonomy":"category","embeddable":true,"href":"http:\/\/planetesport.dz\/index.php?rest_route=%2Fwp%2Fv2%2Fcategories&post=56660"},{"taxonomy":"post_tag","embeddable":true,"href":"http:\/\/planetesport.dz\/index.php?rest_route=%2Fwp%2Fv2%2Ftags&post=56660"}],"curies":[{"name":"wp","href":"https:\/\/api.w.org\/{rel}","templated":true}]}}