{"id":42991,"date":"2024-01-02T23:20:22","date_gmt":"2024-01-02T23:20:22","guid":{"rendered":"https:\/\/planetesport.dz\/?p=42991"},"modified":"2024-01-02T23:20:22","modified_gmt":"2024-01-02T23:20:22","slug":"la-seance-dhier-matin-sans-mbolhi","status":"publish","type":"post","link":"http:\/\/planetesport.dz\/?p=42991","title":{"rendered":"La s\u00e9ance d\u2019hier matin sans M\u2019Bolhi"},"content":{"rendered":"<p>Les co\u00e9quipiers de Riyad Mahrez ont effectu\u00e9, hier matin leur deuxi\u00e8me s\u00e9ance d\u2019entra\u00eenement dans le cadre de leur stage dans la capitale togolaise, Lom\u00e9, en pr\u00e9vision de la CAN.<br \/>\nApr\u00e8s une premi\u00e8re session consacr\u00e9e essentiellement au d\u00e9crassage \u00e0 leur arriv\u00e9e sur le sol togolais, les Verts sont entr\u00e9s dans le vif du sujet, hier, avec la pr\u00e9sence de tout l\u2019effectif, \u00e0 l\u2019exception du gardien de but Ra\u00efs M\u2019Bolhi qui a d\u00fb s\u2019absenter pour cause de blessure.<\/p>\n<p><strong>Il a effectu\u00e9 des examens m\u00e9dicaux <\/strong><br \/>\nLe staff technique a pr\u00e9f\u00e9r\u00e9 le m\u00e9nager pour la matin\u00e9e. Mais pour \u00eatre fix\u00e9 sur son sort, le gardien belouizdadi a d\u00fb effectuer des examens m\u00e9dicaux avant de pouvoir reprendre les entra\u00eenements.<\/p>\n<p style=\"text-align: right\">\n<strong>Djamel ABED<\/strong><\/p>\n","protected":false},"excerpt":{"rendered":"<p>Les co\u00e9quipiers de Riyad Mahrez ont effectu\u00e9, hier matin leur deuxi\u00e8me s\u00e9ance d\u2019entra\u00eenement dans le cadre de leur stage dans la capitale togolaise, Lom\u00e9, en pr\u00e9vision de la CAN. Apr\u00e8s une premi\u00e8re session consacr\u00e9e essentiellement au d\u00e9crassage \u00e0 leur arriv\u00e9e sur le sol togolais, les Verts sont entr\u00e9s dans le vif du sujet, hier, avec &hellip;<\/p>\n","protected":false},"author":3,"featured_media":43038,"comment_status":"open","ping_status":"open","sticky":false,"template":"","format":"standard","meta":{"footnotes":""},"categories":[169,127],"tags":[],"class_list":["post-42991","post","type-post","status-publish","format-standard","has-post-thumbnail","hentry","category-equipe-nationale-football","category-football-algerien"],"_links":{"self":[{"href":"http:\/\/planetesport.dz\/index.php?rest_route=\/wp\/v2\/posts\/42991","targetHints":{"allow":["GET"]}}],"collection":[{"href":"http:\/\/planetesport.dz\/index.php?rest_route=\/wp\/v2\/posts"}],"about":[{"href":"http:\/\/planetesport.dz\/index.php?rest_route=\/wp\/v2\/types\/post"}],"author":[{"embeddable":true,"href":"http:\/\/planetesport.dz\/index.php?rest_route=\/wp\/v2\/users\/3"}],"replies":[{"embeddable":true,"href":"http:\/\/planetesport.dz\/index.php?rest_route=%2Fwp%2Fv2%2Fcomments&post=42991"}],"version-history":[{"count":1,"href":"http:\/\/planetesport.dz\/index.php?rest_route=\/wp\/v2\/posts\/42991\/revisions"}],"predecessor-version":[{"id":43041,"href":"http:\/\/planetesport.dz\/index.php?rest_route=\/wp\/v2\/posts\/42991\/revisions\/43041"}],"wp:featuredmedia":[{"embeddable":true,"href":"http:\/\/planetesport.dz\/index.php?rest_route=\/wp\/v2\/media\/43038"}],"wp:attachment":[{"href":"http:\/\/planetesport.dz\/index.php?rest_route=%2Fwp%2Fv2%2Fmedia&parent=42991"}],"wp:term":[{"taxonomy":"category","embeddable":true,"href":"http:\/\/planetesport.dz\/index.php?rest_route=%2Fwp%2Fv2%2Fcategories&post=42991"},{"taxonomy":"post_tag","embeddable":true,"href":"http:\/\/planetesport.dz\/index.php?rest_route=%2Fwp%2Fv2%2Ftags&post=42991"}],"curies":[{"name":"wp","href":"https:\/\/api.w.org\/{rel}","templated":true}]}}