{"id":33152,"date":"2023-10-11T23:01:22","date_gmt":"2023-10-11T23:01:22","guid":{"rendered":"https:\/\/planetesport.dz\/?p=33152"},"modified":"2023-10-11T23:01:22","modified_gmt":"2023-10-11T23:01:22","slug":"rayan-ait-nouri-declare-forfait","status":"publish","type":"post","link":"http:\/\/planetesport.dz\/?p=33152","title":{"rendered":"Rayan A\u00eft Nouri d\u00e9clare forfait"},"content":{"rendered":"<p>Apr\u00e8s la d\u00e9fection d\u2019Houssem Aouar en septembre, c\u2019est au tour du lat\u00e9ral gauche de Wolverhampton, Rayan A\u00eft Nouri, de devoir d\u00e9clarer forfait en raison d\u2019une blessure contract\u00e9e lors du dernier match de son \u00e9quipe face \u00e0 Aston Villa. En effet, l\u2019international alg\u00e9rien sera absent pour le stage et les deux matches amicaux face au Cap Vert et l\u2019Egypte. Victime d\u2019une blessure au niveau de la m\u00e2choire, A\u00eft Nouri a d\u00fb effectuer des examens m\u00e9dicaux qui ont r\u00e9v\u00e9l\u00e9, une commotion c\u00e9r\u00e9brale qui l\u2019emp\u00eache cependant de voyager, selon les m\u00e9decins de Wolverhampton.<\/p>\n<p>Ainsi, le lat\u00e9ral gauche ratera le second regroupement de la s\u00e9lection apr\u00e8s celui du juin dernier pour cause de blessure \u00e9galement. Le coach Djamel Belmadi qui \u00e9tait presque certain du forfait de son joueur n\u2019a pas l\u2019intention de le remplacer car il dispose dans l\u2019effectif de deux \u00e9l\u00e9ments polyvalents qui peuvent ais\u00e9ment le substituer, en l\u2019occurrence Ha\u00efthem Loucif et Ahmed Touba, qui \u00e9taient pr\u00e9sents lors du dernier rassemblement mais n\u2019avaient pas eu l\u2019opportunit\u00e9 de jouer, en raison des choix de Belmadi.<\/p>\n<p style=\"text-align: right\">\n<strong>Djamel A<\/strong><\/p>\n","protected":false},"excerpt":{"rendered":"<p>Apr\u00e8s la d\u00e9fection d\u2019Houssem Aouar en septembre, c\u2019est au tour du lat\u00e9ral gauche de Wolverhampton, Rayan A\u00eft Nouri, de devoir d\u00e9clarer forfait en raison d\u2019une blessure contract\u00e9e lors du dernier match de son \u00e9quipe face \u00e0 Aston Villa. En effet, l\u2019international alg\u00e9rien sera absent pour le stage et les deux matches amicaux face au Cap &hellip;<\/p>\n","protected":false},"author":3,"featured_media":0,"comment_status":"open","ping_status":"open","sticky":false,"template":"","format":"standard","meta":{"footnotes":""},"categories":[127],"tags":[],"class_list":["post-33152","post","type-post","status-publish","format-standard","hentry","category-football-algerien"],"_links":{"self":[{"href":"http:\/\/planetesport.dz\/index.php?rest_route=\/wp\/v2\/posts\/33152","targetHints":{"allow":["GET"]}}],"collection":[{"href":"http:\/\/planetesport.dz\/index.php?rest_route=\/wp\/v2\/posts"}],"about":[{"href":"http:\/\/planetesport.dz\/index.php?rest_route=\/wp\/v2\/types\/post"}],"author":[{"embeddable":true,"href":"http:\/\/planetesport.dz\/index.php?rest_route=\/wp\/v2\/users\/3"}],"replies":[{"embeddable":true,"href":"http:\/\/planetesport.dz\/index.php?rest_route=%2Fwp%2Fv2%2Fcomments&post=33152"}],"version-history":[{"count":1,"href":"http:\/\/planetesport.dz\/index.php?rest_route=\/wp\/v2\/posts\/33152\/revisions"}],"predecessor-version":[{"id":33218,"href":"http:\/\/planetesport.dz\/index.php?rest_route=\/wp\/v2\/posts\/33152\/revisions\/33218"}],"wp:attachment":[{"href":"http:\/\/planetesport.dz\/index.php?rest_route=%2Fwp%2Fv2%2Fmedia&parent=33152"}],"wp:term":[{"taxonomy":"category","embeddable":true,"href":"http:\/\/planetesport.dz\/index.php?rest_route=%2Fwp%2Fv2%2Fcategories&post=33152"},{"taxonomy":"post_tag","embeddable":true,"href":"http:\/\/planetesport.dz\/index.php?rest_route=%2Fwp%2Fv2%2Ftags&post=33152"}],"curies":[{"name":"wp","href":"https:\/\/api.w.org\/{rel}","templated":true}]}}