{"id":30339,"date":"2023-09-17T08:41:54","date_gmt":"2023-09-17T08:41:54","guid":{"rendered":"https:\/\/planetesport.dz\/?p=30339"},"modified":"2023-09-17T08:41:54","modified_gmt":"2023-09-17T08:41:54","slug":"riyad-mahrez-hospitalise","status":"publish","type":"post","link":"http:\/\/planetesport.dz\/?p=30339","title":{"rendered":"Riyad Mahrez hospitalis\u00e9 !"},"content":{"rendered":"<p><em><strong>Une mauvaise nouvelle secoue les fans de Riyad Mahrez, l\u2019ailier vedette de l\u2019Alg\u00e9rie a \u00e9t\u00e9 contraint de faire un passage inattendu \u00e0 l\u2019h\u00f4pital en Arabie saoudite.<\/strong><\/em><\/p>\n<p>Selon les m\u00e9dias locaux, Riyad Mahrez a \u00e9t\u00e9 transf\u00e9r\u00e9 en urgence dans la nuit de vendredi \u00e0 samedi \u00e0 l\u2019h\u00f4pital en raison d\u2019une intoxication alimentaire. Cette semaine, Mahrez \u00e9tait au sommet de son art lors du rassemblement de l\u2019\u00e9quipe nationale alg\u00e9rienne, contribuant de mani\u00e8re d\u00e9cisive \u00e0 une victoire m\u00e9morable contre le S\u00e9n\u00e9gal (1-0) \u00e0 Dakar, avec une passe d\u00e9cisive pour le but de Cha\u00efbi. Cette victoire prometteuse semblait augurer d\u2019une p\u00e9riode faste pour la superstar des Fennecs \u00e0 l\u2019approche de la prochaine Coupe d\u2019Afrique des nations (CAN). Cependant, son retour \u00e0 la r\u00e9alit\u00e9 s\u2019est av\u00e9r\u00e9 plus turbulent que pr\u00e9vu.<br \/>\nEn effet, et alors que son \u00e9quipe Al-Ahli, s\u2019appr\u00eatait \u00e0 affronter Al-Taawon hier soir en championnat, la participation de Mahrez a \u00e9t\u00e9 s\u00e9rieusement remise en question. Selon plusieurs sources saoudiennes, Riyad Mahrez a \u00e9t\u00e9 hospitalis\u00e9 \u00e0 Djeddah dans la nuit de vendredi \u00e0 samedi apr\u00e8s un repas qui aurait d\u00e9clench\u00e9 une r\u00e9action ind\u00e9sirable. Les premi\u00e8res indications sugg\u00e8rent la pr\u00e9sence de \u00ab germes \u00e0 l\u2019estomac \u00bb, ce qui pointe vers une possible intoxication alimentaire \u00e0 l\u2019origine de ses ennuis de sant\u00e9.<\/p>\n<p><strong>Guardiola regrette am\u00e8rement son d\u00e9part<\/strong><br \/>\nDans un autre registre, l&rsquo;entra\u00eeneur espagnol Pep Guardiola a de nouveau \u00e9voqu\u00e9 le d\u00e9part de l&rsquo;international alg\u00e9rien Riyad Mahrez de Manchester City lors du dernier mercato estival. Guardiola a d\u00e9clar\u00e9 lors de la conf\u00e9rence de presse qu&rsquo;il a tenue avant le match de son \u00e9quipe, Manchester City, contre West Ham comptant pour la 5e journ\u00e9e de la Premier League anglaise, que \u00ab le d\u00e9part de Mahrez et G\u00fcndo\u011fan est une grande perte pour nous, d&rsquo;autant plus que je ne m&rsquo;attendais pas \u00e0 ce que Mahrez nous laisse tomber \u00bb. Et de poursuivre : \u00ab\u00a0 Si Walker et Bernardo Silva \u00e9taient partis avec eux, cela aurait \u00e9t\u00e9 un d\u00e9sastre \u00bb. Riyad Mahrez a rejoint le club saoudien d&rsquo;Al-Ahly en provenance de Manchester City pour 35 millions d&rsquo;euros.<\/p>\n<p style=\"text-align: right\"><strong>Djamel A<\/strong><\/p>\n","protected":false},"excerpt":{"rendered":"<p>Une mauvaise nouvelle secoue les fans de Riyad Mahrez, l\u2019ailier vedette de l\u2019Alg\u00e9rie a \u00e9t\u00e9 contraint de faire un passage inattendu \u00e0 l\u2019h\u00f4pital en Arabie saoudite. Selon les m\u00e9dias locaux, Riyad Mahrez a \u00e9t\u00e9 transf\u00e9r\u00e9 en urgence dans la nuit de vendredi \u00e0 samedi \u00e0 l\u2019h\u00f4pital en raison d\u2019une intoxication alimentaire. Cette semaine, Mahrez \u00e9tait &hellip;<\/p>\n","protected":false},"author":3,"featured_media":30405,"comment_status":"open","ping_status":"open","sticky":false,"template":"","format":"standard","meta":{"footnotes":""},"categories":[128],"tags":[],"class_list":["post-30339","post","type-post","status-publish","format-standard","has-post-thumbnail","hentry","category-football-etranger"],"_links":{"self":[{"href":"http:\/\/planetesport.dz\/index.php?rest_route=\/wp\/v2\/posts\/30339","targetHints":{"allow":["GET"]}}],"collection":[{"href":"http:\/\/planetesport.dz\/index.php?rest_route=\/wp\/v2\/posts"}],"about":[{"href":"http:\/\/planetesport.dz\/index.php?rest_route=\/wp\/v2\/types\/post"}],"author":[{"embeddable":true,"href":"http:\/\/planetesport.dz\/index.php?rest_route=\/wp\/v2\/users\/3"}],"replies":[{"embeddable":true,"href":"http:\/\/planetesport.dz\/index.php?rest_route=%2Fwp%2Fv2%2Fcomments&post=30339"}],"version-history":[{"count":1,"href":"http:\/\/planetesport.dz\/index.php?rest_route=\/wp\/v2\/posts\/30339\/revisions"}],"predecessor-version":[{"id":30409,"href":"http:\/\/planetesport.dz\/index.php?rest_route=\/wp\/v2\/posts\/30339\/revisions\/30409"}],"wp:featuredmedia":[{"embeddable":true,"href":"http:\/\/planetesport.dz\/index.php?rest_route=\/wp\/v2\/media\/30405"}],"wp:attachment":[{"href":"http:\/\/planetesport.dz\/index.php?rest_route=%2Fwp%2Fv2%2Fmedia&parent=30339"}],"wp:term":[{"taxonomy":"category","embeddable":true,"href":"http:\/\/planetesport.dz\/index.php?rest_route=%2Fwp%2Fv2%2Fcategories&post=30339"},{"taxonomy":"post_tag","embeddable":true,"href":"http:\/\/planetesport.dz\/index.php?rest_route=%2Fwp%2Fv2%2Ftags&post=30339"}],"curies":[{"name":"wp","href":"https:\/\/api.w.org\/{rel}","templated":true}]}}