{"id":18462,"date":"2023-06-03T00:55:14","date_gmt":"2023-06-03T00:55:14","guid":{"rendered":"https:\/\/planetesport.dz\/?p=18462"},"modified":"2023-06-03T00:55:14","modified_gmt":"2023-06-03T00:55:14","slug":"victime-dune-lesion-aux-ischios-brahimi-forfait-pour-le-dernier-match-de-la-saison","status":"publish","type":"post","link":"http:\/\/planetesport.dz\/?p=18462","title":{"rendered":"Victime d\u2019une l\u00e9sion aux ischios &#8211; Brahimi forfait pour le dernier match de la saison"},"content":{"rendered":"<p>L\u2019attaquant international alg\u00e9rien de l\u2019OGC Nice Billel Brahimi, victime d\u2019une l\u00e9sion aux ischios, a d\u00e9clar\u00e9 forfait pour la r\u00e9ception de l\u2019Olympique Lyon ce soir (20h00), en match comptant pour la 38e et derni\u00e8re journ\u00e9e de la Ligue 1 fran\u00e7aise de football, a annonc\u00e9 le club azur\u00e9en dans un communiqu\u00e9.<br \/>\n\u00ab Billal s&rsquo;est bless\u00e9 \u00e0 l&rsquo;entra\u00eenement, il ne sera pas parmi nous pour cette rencontre\u00a0\u00bb, a indiqu\u00e9 l\u2019entra\u00eeneur ni\u00e7ois Didier Digard, cit\u00e9 jeudi par le site officiel du club.<br \/>\nL\u2019ancien joueur d\u2019Angers SCO de 23 ans, a \u00e9t\u00e9 titularis\u00e9 lors du pr\u00e9c\u00e9dent match remport\u00e9 en d\u00e9placement face \u00e0 Montpellier (3-2). Il a c\u00e9d\u00e9 sa place en fin de match (85e). Il compte 37 apparitions cette saison, toutes comp\u00e9titions confondues, pour un bilan de 5 buts et 2 passes d\u00e9cisives.<br \/>\nLe natif de Paris avait \u00e9t\u00e9 appel\u00e9 pour la premi\u00e8re fois en \u00e9quipe nationale, en juin 2022, \u00e0 l\u2019occasion des deux premiers matchs comptant pour les qualifications de la CAN-2023 (report\u00e9e \u00e0 2024)\u00a0: \u00e0 domicile face \u00e0 l\u2019Ouganda (2-0) et en d\u00e9placement devant la Tanzanie (2-0), et au match amical face \u00e0 l\u2019Iran (2-1), disput\u00e9 \u00e0 Doha (Qatar).<\/p>\n<p><strong>\u00ab Pour Atal, ce n\u2019est pas grave \u00bb<\/strong><br \/>\nLe coach de l\u2019OGC Nice a donn\u00e9 des nouvelles sur l\u2019\u00e9tat de sant\u00e9 du d\u00e9fenseur international alg\u00e9rien Youcef Atal, bless\u00e9 aux adducteurs (\u00e9longation) le week-end dernier face aux Montpelli\u00e9rains, 20 minutes apr\u00e8s son entr\u00e9e en jeu en seconde p\u00e9riode, lui qui a sign\u00e9 son retour \u00e0 la comp\u00e9tition le 30 avril dernier. \u00ab Pour Youcef ce n&rsquo;est pas grave, c&rsquo;est un autre endroit, il peut malgr\u00e9 tout continuer de travailler pour ne pas laisser le d\u00e9s\u00e9quilibre s&rsquo;installer. Mais malheureusement il ne pourra pas tenir sa place \u00bb, a-t-il ajout\u00e9. Bless\u00e9 le 11 mars dernier \u00e0 la veille du d\u00e9placement \u00e0 Nantes (2-2) en championnat, Atal a \u00e9t\u00e9 transf\u00e9r\u00e9 \u00e0 la clinique de la m\u00e9decine du sport Aspetar \u00e0 Doha (Qatar) pour poursuivre les soins et effectuer sa r\u00e9\u00e9ducation. L\u2019enfant de Tizi-Ouzou en est \u00e0 sa cinqui\u00e8me blessure depuis le d\u00e9but de la saison.<\/p>\n<p>Au total, il aura manqu\u00e9 pr\u00e8s de trois mois de comp\u00e9tition durant cet exercice, ce qui est \u00e9norme pour un joueur de haut niveau, lui qui \u00e9tait destin\u00e9 \u00e0 avoir une tr\u00e8s grande carri\u00e8re et \u00e0 jouer dans les plus grands clubs du Vieux Continent. En fin de contrat en juin 2024\u00a0avec l&rsquo;OGC Nice, l&rsquo;international alg\u00e9rien devrait quitter la formation azur\u00e9enne durant l\u2019intersaison, d\u2019autant que les dirigeants ni\u00e7ois ne lui ont propos\u00e9 aucune prolongation.<\/p>\n<p style=\"text-align: right\">\n<strong>Mohamed. M<\/strong><\/p>\n","protected":false},"excerpt":{"rendered":"<p>L\u2019attaquant international alg\u00e9rien de l\u2019OGC Nice Billel Brahimi, victime d\u2019une l\u00e9sion aux ischios, a d\u00e9clar\u00e9 forfait pour la r\u00e9ception de l\u2019Olympique Lyon ce soir (20h00), en match comptant pour la 38e et derni\u00e8re journ\u00e9e de la Ligue 1 fran\u00e7aise de football, a annonc\u00e9 le club azur\u00e9en dans un communiqu\u00e9. \u00ab Billal s&rsquo;est bless\u00e9 \u00e0 l&rsquo;entra\u00eenement, &hellip;<\/p>\n","protected":false},"author":3,"featured_media":18476,"comment_status":"open","ping_status":"open","sticky":false,"template":"","format":"standard","meta":{"footnotes":""},"categories":[127],"tags":[],"class_list":["post-18462","post","type-post","status-publish","format-standard","has-post-thumbnail","hentry","category-football-algerien"],"_links":{"self":[{"href":"http:\/\/planetesport.dz\/index.php?rest_route=\/wp\/v2\/posts\/18462","targetHints":{"allow":["GET"]}}],"collection":[{"href":"http:\/\/planetesport.dz\/index.php?rest_route=\/wp\/v2\/posts"}],"about":[{"href":"http:\/\/planetesport.dz\/index.php?rest_route=\/wp\/v2\/types\/post"}],"author":[{"embeddable":true,"href":"http:\/\/planetesport.dz\/index.php?rest_route=\/wp\/v2\/users\/3"}],"replies":[{"embeddable":true,"href":"http:\/\/planetesport.dz\/index.php?rest_route=%2Fwp%2Fv2%2Fcomments&post=18462"}],"version-history":[{"count":1,"href":"http:\/\/planetesport.dz\/index.php?rest_route=\/wp\/v2\/posts\/18462\/revisions"}],"predecessor-version":[{"id":18477,"href":"http:\/\/planetesport.dz\/index.php?rest_route=\/wp\/v2\/posts\/18462\/revisions\/18477"}],"wp:featuredmedia":[{"embeddable":true,"href":"http:\/\/planetesport.dz\/index.php?rest_route=\/wp\/v2\/media\/18476"}],"wp:attachment":[{"href":"http:\/\/planetesport.dz\/index.php?rest_route=%2Fwp%2Fv2%2Fmedia&parent=18462"}],"wp:term":[{"taxonomy":"category","embeddable":true,"href":"http:\/\/planetesport.dz\/index.php?rest_route=%2Fwp%2Fv2%2Fcategories&post=18462"},{"taxonomy":"post_tag","embeddable":true,"href":"http:\/\/planetesport.dz\/index.php?rest_route=%2Fwp%2Fv2%2Ftags&post=18462"}],"curies":[{"name":"wp","href":"https:\/\/api.w.org\/{rel}","templated":true}]}}