{"id":151654,"date":"2026-04-29T06:10:21","date_gmt":"2026-04-29T06:10:21","guid":{"rendered":"https:\/\/planetesport.dz\/?p=151654"},"modified":"2026-04-29T06:10:21","modified_gmt":"2026-04-29T06:10:21","slug":"un-hommage-fort-a-djamel-boukercha","status":"publish","type":"post","link":"http:\/\/planetesport.dz\/?p=151654","title":{"rendered":"Un hommage fort \u00e0 Djamel Boukercha"},"content":{"rendered":"<p>Cette \u00e9dition du Grand Prix porte une dimension \u00e9mouvante et symbolique, puisqu\u2019il s\u2019agit de la troisi\u00e8me cons\u00e9cutive nomm\u00e9e en l\u2019honneur de Djamel Boukercha, ce journaliste embl\u00e9matique de la radio Cha\u00eene 3, parti trop t\u00f4t en d\u00e9cembre 2023 apr\u00e8s une longue maladie. Passionn\u00e9 de \u201cla petite reine\u201d, comme il aimait surnommer le cyclisme \u00e0 l\u2019antenne avec sa voix chaleureuse et son expertise in\u00e9gal\u00e9e, Boukercha a couvert des d\u00e9cennies de comp\u00e9titions, des Tours d\u2019Alg\u00e9rie aux rendez-vous internationaux, marquant des g\u00e9n\u00e9rations d\u2019auditeurs par son enthousiasme contagieux et ses analyses pointues. Ce Grand Prix perp\u00e9tue son legs avec \u00e9l\u00e9gance : un \u00e9v\u00e9nement familial, engag\u00e9 et transmissif, pile dans l\u2019esprit du d\u00e9funt commentateur qui avait vu na\u00eetre tant de talents locaux. La remise des prix, en pr\u00e9sence de sa famille et de figures du cyclisme alg\u00e9rien, a \u00e9t\u00e9 un moment d\u2019\u00e9motion pure.<\/p>\n<p style=\"text-align: right\"><strong>Walim Mansouri<\/strong><\/p>\n","protected":false},"excerpt":{"rendered":"<p>Cette \u00e9dition du Grand Prix porte une dimension \u00e9mouvante et symbolique, puisqu\u2019il s\u2019agit de la troisi\u00e8me cons\u00e9cutive nomm\u00e9e en l\u2019honneur de Djamel Boukercha, ce journaliste embl\u00e9matique de la radio Cha\u00eene 3, parti trop t\u00f4t en d\u00e9cembre 2023 apr\u00e8s une longue maladie. Passionn\u00e9 de \u201cla petite reine\u201d, comme il aimait surnommer le cyclisme \u00e0 l\u2019antenne avec &hellip;<\/p>\n","protected":false},"author":3,"featured_media":0,"comment_status":"closed","ping_status":"closed","sticky":false,"template":"","format":"standard","meta":{"footnotes":""},"categories":[156,129],"tags":[],"class_list":["post-151654","post","type-post","status-publish","format-standard","hentry","category-cyclisme","category-omnisport"],"_links":{"self":[{"href":"http:\/\/planetesport.dz\/index.php?rest_route=\/wp\/v2\/posts\/151654","targetHints":{"allow":["GET"]}}],"collection":[{"href":"http:\/\/planetesport.dz\/index.php?rest_route=\/wp\/v2\/posts"}],"about":[{"href":"http:\/\/planetesport.dz\/index.php?rest_route=\/wp\/v2\/types\/post"}],"author":[{"embeddable":true,"href":"http:\/\/planetesport.dz\/index.php?rest_route=\/wp\/v2\/users\/3"}],"replies":[{"embeddable":true,"href":"http:\/\/planetesport.dz\/index.php?rest_route=%2Fwp%2Fv2%2Fcomments&post=151654"}],"version-history":[{"count":1,"href":"http:\/\/planetesport.dz\/index.php?rest_route=\/wp\/v2\/posts\/151654\/revisions"}],"predecessor-version":[{"id":151733,"href":"http:\/\/planetesport.dz\/index.php?rest_route=\/wp\/v2\/posts\/151654\/revisions\/151733"}],"wp:attachment":[{"href":"http:\/\/planetesport.dz\/index.php?rest_route=%2Fwp%2Fv2%2Fmedia&parent=151654"}],"wp:term":[{"taxonomy":"category","embeddable":true,"href":"http:\/\/planetesport.dz\/index.php?rest_route=%2Fwp%2Fv2%2Fcategories&post=151654"},{"taxonomy":"post_tag","embeddable":true,"href":"http:\/\/planetesport.dz\/index.php?rest_route=%2Fwp%2Fv2%2Ftags&post=151654"}],"curies":[{"name":"wp","href":"https:\/\/api.w.org\/{rel}","templated":true}]}}