{"id":151651,"date":"2026-04-29T06:14:50","date_gmt":"2026-04-29T06:14:50","guid":{"rendered":"https:\/\/planetesport.dz\/?p=151651"},"modified":"2026-04-29T06:14:50","modified_gmt":"2026-04-29T06:14:50","slug":"les-stars-retardent-la-liste-finale-de-la-federation","status":"publish","type":"post","link":"http:\/\/planetesport.dz\/?p=151651","title":{"rendered":"Les stars retardent la liste finale de la f\u00e9d\u00e9ration"},"content":{"rendered":"<p><strong>La ville d\u2019Accra abritera du 12 au 17 mai prochains les Championnats d\u2019Afrique 2026. Pour l\u2019Alg\u00e9rie, cet \u00e9v\u00e9nement nourrit d\u00e9j\u00e0 de solides espoirs, m\u00eame si la liste officielle des participants n\u2019a pas encore \u00e9t\u00e9 d\u00e9voil\u00e9e par la F\u00e9d\u00e9ration alg\u00e9rienne d\u2019athl\u00e9tisme. Le suspense persiste ainsi avec une intensit\u00e9 palpable.<\/strong><\/p>\n<p><strong>Par N. E.<\/strong><\/p>\n<p>Tr\u00e8s attendue, cette liste devrait \u00eatre rendue publique dans les prochains jours par la F\u00e9d\u00e9ration alg\u00e9rienne d\u2019athl\u00e9tisme. Plusieurs noms sont d\u00e9j\u00e0 \u00e9voqu\u00e9s pour repr\u00e9senter les couleurs nationales, notamment Abdelrazak Charak, Mohamed Benyettou, Nawal Yahi ou encore Zahra Tatar. Ces athl\u00e8tes, habitu\u00e9s aux grandes comp\u00e9titions internationales, sont capables d\u2019apporter \u00e0 l\u2019Alg\u00e9rie des r\u00e9sultats probants dans leurs sp\u00e9cialit\u00e9s respectives. Au-del\u00e0 de la simple qu\u00eate de m\u00e9dailles, cette comp\u00e9tition continentale repr\u00e9sente \u00e9galement une \u00e9tape essentielle dans la pr\u00e9paration des prochaines \u00e9ch\u00e9ances internationales majeures. Elle offrira aux athl\u00e8tes alg\u00e9riens l\u2019occasion id\u00e9ale de mesurer leur progression face \u00e0 une opposition particuli\u00e8rement relev\u00e9e et de confirmer les ambitions affich\u00e9es ces derni\u00e8res saisons avec brio.<\/p>\n<p><strong>Les stars alg\u00e9riennes dans le flou, Triki maintient le suspense<\/strong><\/p>\n<p>Si certains noms semblent presque assur\u00e9s de faire partie du voyage \u00e0 Accra, le doute persiste concernant plusieurs t\u00eates d\u2019affiche de l\u2019athl\u00e9tisme national. Le trio compos\u00e9 de Djamel Sedjati, Slimane Moula et Heithem Chenitef pourrait finalement ne pas \u00eatre pr\u00e9sent. En cause, un calendrier mondial particuli\u00e8rement dense qui oblige les meilleurs athl\u00e8tes \u00e0 effectuer des choix strat\u00e9giques entre comp\u00e9titions continentales et rendez-vous du circuit international de haut niveau.<\/p>\n<p><strong>Sedjati confirme sa participation \u00e0 la \u00ab Diamond League \u00bb<\/strong><\/p>\n<p>Le cas de Djamel Sedjati retient particuli\u00e8rement l\u2019attention de tous les observateurs. V\u00e9ritable locomotive du demi-fond alg\u00e9rien, il figure d\u00e9j\u00e0 parmi les participants annonc\u00e9s par les organisateurs du prestigieux meeting de la Ligue de diamant, dite \u00ab Diamond League \u00bb, pr\u00e9vu le 7 juin \u00e0 Stockholm, en Su\u00e8de. L\u2019Alg\u00e9rien devrait y retrouver deux monstres sacr\u00e9s du 800 m\u00e8tres : le K\u00e9nyan Emmanuel Wanyonyi et le Canadien Marco Arop. Une confrontation de prestige qui t\u00e9moigne du nouveau statut de Sedjati parmi les r\u00e9f\u00e9rences mondiales incontest\u00e9es de la discipline. Slimane Moula pourrait lui aussi manquer l\u2019\u00e9ch\u00e9ance africaine. Le sp\u00e9cialiste du 800 m\u00e8tres reste sur une sortie frustrante lors des Championnats du monde en salle, o\u00f9 il n\u2019avait pas r\u00e9ussi \u00e0 se qualifier pour la finale. Engag\u00e9 en demi-finale, il avait termin\u00e9 cinqui\u00e8me de sa s\u00e9rie avec un chrono de 1:46.48, un temps insuffisant pour poursuivre l\u2019aventure mondiale.<\/p>\n<p>Quant \u00e0 Heithem Chenitef, aucune d\u00e9cision officielle n\u2019a encore \u00e9t\u00e9 annonc\u00e9e, laissant planer le suspense autour de sa participation potentielle. Autre cas important, celui de Yasser Mohamed Tahar Triki. Le triple sauteur en longueur alg\u00e9rien, auteur d\u2019une remarquable m\u00e9daille de bronze lors des derniers Championnats du monde indoor disput\u00e9s \u00e0 Toru\u0144, en Pologne, pourrait lui aussi \u00eatre absent des pistes ghan\u00e9ennes. Gr\u00e2ce \u00e0 un bond impressionnant de 17,30 m\u00e8tres, Triki avait confirm\u00e9 qu\u2019il demeure l\u2019un des meilleurs sp\u00e9cialistes mondiaux de la discipline. Son \u00e9ventuelle absence priverait l\u2019Alg\u00e9rie d\u2019un s\u00e9rieux argument pour viser le podium avec conviction. Le rendez-vous d\u2019Accra verra \u00e9galement la participation de plusieurs stars africaines, \u00e0 l\u2019image du Sud-Africain Rushwal Samaai, r\u00e9f\u00e9rence absolue du saut en longueur. D\u00e9tenteur du record des Championnats d\u2019Afrique avec un bond de 8,45 m\u00e8tres r\u00e9alis\u00e9 en 2018, il sera l\u2019un des grands favoris incontestables de cette \u00e9dition hautement comp\u00e9titive.<\/p>\n<p>Malgr\u00e9 les nombreuses incertitudes qui entourent encore la s\u00e9lection nationale, l\u2019Alg\u00e9rie nourrit de r\u00e9elles ambitions pour briller. Entre athl\u00e8tes confirm\u00e9s, jeunes talents impatients de se r\u00e9v\u00e9ler et athl\u00e8tes chevronn\u00e9s susceptibles de faire leur retour tonitruant, la d\u00e9l\u00e9gation alg\u00e9rienne esp\u00e8re rivaliser avec les meilleures nations du continent sans complexe. Ainsi, \u00e0 quelques jours seulement du coup d\u2019envoi officiel, tous les regards restent d\u00e9sormais tourn\u00e9s vers la F\u00e9d\u00e9ration alg\u00e9rienne d\u2019athl\u00e9tisme, appel\u00e9e \u00e0 officialiser une liste particuli\u00e8rement attendue par les supporters. Une chose est s\u00fbre : Accra 2026 promet d\u00e9j\u00e0 suspense, intensit\u00e9 et \u00e9motions fortes \u00e0 foison.<\/p>\n","protected":false},"excerpt":{"rendered":"<p>La ville d\u2019Accra abritera du 12 au 17 mai prochains les Championnats d\u2019Afrique 2026. Pour l\u2019Alg\u00e9rie, cet \u00e9v\u00e9nement nourrit d\u00e9j\u00e0 de solides espoirs, m\u00eame si la liste officielle des participants n\u2019a pas encore \u00e9t\u00e9 d\u00e9voil\u00e9e par la F\u00e9d\u00e9ration alg\u00e9rienne d\u2019athl\u00e9tisme. Le suspense persiste ainsi avec une intensit\u00e9 palpable. Par N. E. Tr\u00e8s attendue, cette liste &hellip;<\/p>\n","protected":false},"author":3,"featured_media":151691,"comment_status":"closed","ping_status":"closed","sticky":false,"template":"","format":"standard","meta":{"footnotes":""},"categories":[158,129],"tags":[],"class_list":["post-151651","post","type-post","status-publish","format-standard","has-post-thumbnail","hentry","category-athletisme","category-omnisport"],"_links":{"self":[{"href":"http:\/\/planetesport.dz\/index.php?rest_route=\/wp\/v2\/posts\/151651","targetHints":{"allow":["GET"]}}],"collection":[{"href":"http:\/\/planetesport.dz\/index.php?rest_route=\/wp\/v2\/posts"}],"about":[{"href":"http:\/\/planetesport.dz\/index.php?rest_route=\/wp\/v2\/types\/post"}],"author":[{"embeddable":true,"href":"http:\/\/planetesport.dz\/index.php?rest_route=\/wp\/v2\/users\/3"}],"replies":[{"embeddable":true,"href":"http:\/\/planetesport.dz\/index.php?rest_route=%2Fwp%2Fv2%2Fcomments&post=151651"}],"version-history":[{"count":1,"href":"http:\/\/planetesport.dz\/index.php?rest_route=\/wp\/v2\/posts\/151651\/revisions"}],"predecessor-version":[{"id":151737,"href":"http:\/\/planetesport.dz\/index.php?rest_route=\/wp\/v2\/posts\/151651\/revisions\/151737"}],"wp:featuredmedia":[{"embeddable":true,"href":"http:\/\/planetesport.dz\/index.php?rest_route=\/wp\/v2\/media\/151691"}],"wp:attachment":[{"href":"http:\/\/planetesport.dz\/index.php?rest_route=%2Fwp%2Fv2%2Fmedia&parent=151651"}],"wp:term":[{"taxonomy":"category","embeddable":true,"href":"http:\/\/planetesport.dz\/index.php?rest_route=%2Fwp%2Fv2%2Fcategories&post=151651"},{"taxonomy":"post_tag","embeddable":true,"href":"http:\/\/planetesport.dz\/index.php?rest_route=%2Fwp%2Fv2%2Ftags&post=151651"}],"curies":[{"name":"wp","href":"https:\/\/api.w.org\/{rel}","templated":true}]}}