{"id":151647,"date":"2026-04-29T06:07:55","date_gmt":"2026-04-29T06:07:55","guid":{"rendered":"https:\/\/planetesport.dz\/?p=151647"},"modified":"2026-04-29T06:07:55","modified_gmt":"2026-04-29T06:07:55","slug":"le-real-madrid-en-a-serieusement-marre-des-medecins-du-club","status":"publish","type":"post","link":"http:\/\/planetesport.dz\/?p=151647","title":{"rendered":"Le Real Madrid en a s\u00e9rieusement marre des m\u00e9decins du club"},"content":{"rendered":"<p><strong>Confront\u00e9 \u00e0 une avalanche de blessures depuis plusieurs saisons, le Real Madrid s\u2019agace fortement du travail de son secteur m\u00e9dical et notamment apr\u00e8s les r\u00e9centes blessures de Kylian Mbapp\u00e9 et \u00c9der Milit\u00e3o.<\/strong><\/p>\n<p>Le Real Madrid traverse une crise physique sans pr\u00e9c\u00e9dent cette saison, au point d\u2019avoir boulevers\u00e9 son organisation interne avant m\u00eame de toucher \u00e0 son banc de touche. L\u2019arriv\u00e9e du superviseur m\u00e9dical Niko Mihic, d\u00e9but janvier dernier, illustre une urgence ressentie \u00e0 Valdebebas face \u00e0 une avalanche de blessures qui plombe les performances. Le club madril\u00e8ne, impuissant, voit son effectif d\u00e9cim\u00e9 semaine apr\u00e8s semaine, alimentant une inqui\u00e9tude profonde en interne : \u00abC\u2019est juste impossible\u00bb, pouvait-on entendre en interne, r\u00e9v\u00e8le Marca.<br \/>\nLe dernier coup dur concerne Kylian Mbapp\u00e9, de nouveau bless\u00e9, mais surtout \u00c9der Milit\u00e3o, contraint de passer par la case op\u00e9ration apr\u00e8s une grave blessure musculaire. Le d\u00e9fenseur br\u00e9silien devrait manquer pr\u00e8s de cinq mois de comp\u00e9tition, compromettant non seulement sa participation \u00e0 la Coupe du monde, mais aussi une partie de la prochaine saison. Au-del\u00e0 de la dur\u00e9e d\u2019indisponibilit\u00e9, c\u2019est surtout sa capacit\u00e9 \u00e0 retrouver son meilleur niveau qui interroge la direction merengue, lui qui encha\u00eene les blessures lourdes ces derni\u00e8res ann\u00e9es.<br \/>\nD\u00e9j\u00e0 55 blessures cette saison, 118 sur les deux derni\u00e8res<\/p>\n<p>Comme un symbole, la d\u00e9fense historique qui avait permis au club de remporter la derni\u00e8re Ligue des champions en 2022 n\u2019a pu \u00eatre reconstitu\u00e9e qu\u2019\u00e0 dix reprises depuis la finale remport\u00e9e. Entre Dani Carvajal, David Alaba, Ferland Mendy et Milit\u00e3o, les blessures se sont accumul\u00e9es au point de fragiliser durablement le secteur d\u00e9fensif. R\u00e9sultat : le club a d\u00fb bricoler en permanence, alignant pas moins de 32 d\u00e9fenseurs diff\u00e9rents pour faire face \u00e0 ses difficult\u00e9s d\u00e9fensives.<\/p>\n<p>Au total, les chiffres donnent le vertige : 55 blessures cette saison, 118 sur les deux derni\u00e8res. Sans oublier le cas Rodrygo, dont la rupture des ligaments crois\u00e9s l\u2019a mis sur la touche potentiellement jusqu\u2019en 2027. Ainsi que l\u2019imbroglio autour du genou de Kylian Mbapp\u00e9. Une h\u00e9catombe qui n\u2019\u00e9pargne quasiment aucun cadre, de Kylian Mbapp\u00e9 \u00e0 Jude Bellingham, et qui impacte directement les ambitions sportives de la direction madril\u00e8ne, comme la planification \u00e0 long terme en raison de l\u2019incertitude qui plane sur la condition physique de plusieurs joueurs. Le Real Madrid va devoir bousculer son secteur m\u00e9dical pour avancer. Peut-on lire sur le site footmercato.net.<\/p>\n","protected":false},"excerpt":{"rendered":"<p>Confront\u00e9 \u00e0 une avalanche de blessures depuis plusieurs saisons, le Real Madrid s\u2019agace fortement du travail de son secteur m\u00e9dical et notamment apr\u00e8s les r\u00e9centes blessures de Kylian Mbapp\u00e9 et \u00c9der Milit\u00e3o. Le Real Madrid traverse une crise physique sans pr\u00e9c\u00e9dent cette saison, au point d\u2019avoir boulevers\u00e9 son organisation interne avant m\u00eame de toucher \u00e0 &hellip;<\/p>\n","protected":false},"author":3,"featured_media":151687,"comment_status":"closed","ping_status":"closed","sticky":false,"template":"","format":"standard","meta":{"footnotes":""},"categories":[128],"tags":[],"class_list":["post-151647","post","type-post","status-publish","format-standard","has-post-thumbnail","hentry","category-football-etranger"],"_links":{"self":[{"href":"http:\/\/planetesport.dz\/index.php?rest_route=\/wp\/v2\/posts\/151647","targetHints":{"allow":["GET"]}}],"collection":[{"href":"http:\/\/planetesport.dz\/index.php?rest_route=\/wp\/v2\/posts"}],"about":[{"href":"http:\/\/planetesport.dz\/index.php?rest_route=\/wp\/v2\/types\/post"}],"author":[{"embeddable":true,"href":"http:\/\/planetesport.dz\/index.php?rest_route=\/wp\/v2\/users\/3"}],"replies":[{"embeddable":true,"href":"http:\/\/planetesport.dz\/index.php?rest_route=%2Fwp%2Fv2%2Fcomments&post=151647"}],"version-history":[{"count":1,"href":"http:\/\/planetesport.dz\/index.php?rest_route=\/wp\/v2\/posts\/151647\/revisions"}],"predecessor-version":[{"id":151729,"href":"http:\/\/planetesport.dz\/index.php?rest_route=\/wp\/v2\/posts\/151647\/revisions\/151729"}],"wp:featuredmedia":[{"embeddable":true,"href":"http:\/\/planetesport.dz\/index.php?rest_route=\/wp\/v2\/media\/151687"}],"wp:attachment":[{"href":"http:\/\/planetesport.dz\/index.php?rest_route=%2Fwp%2Fv2%2Fmedia&parent=151647"}],"wp:term":[{"taxonomy":"category","embeddable":true,"href":"http:\/\/planetesport.dz\/index.php?rest_route=%2Fwp%2Fv2%2Fcategories&post=151647"},{"taxonomy":"post_tag","embeddable":true,"href":"http:\/\/planetesport.dz\/index.php?rest_route=%2Fwp%2Fv2%2Ftags&post=151647"}],"curies":[{"name":"wp","href":"https:\/\/api.w.org\/{rel}","templated":true}]}}