{"id":151643,"date":"2026-04-29T06:07:21","date_gmt":"2026-04-29T06:07:21","guid":{"rendered":"https:\/\/planetesport.dz\/?p=151643"},"modified":"2026-04-29T06:07:21","modified_gmt":"2026-04-29T06:07:21","slug":"vers-un-retour-accelere-pour-melvin-mastil","status":"publish","type":"post","link":"http:\/\/planetesport.dz\/?p=151643","title":{"rendered":"Vers un retour acc\u00e9l\u00e9r\u00e9 pour Melvin Mastil"},"content":{"rendered":"<p><strong>Le Stade Nyonnais a tenu \u00e0 rassurer ses supporters concernant l\u2019\u00e9tat de sant\u00e9 de son gardien international alg\u00e9rien Melvin Mastil, op\u00e9r\u00e9 r\u00e9cemment \u00e0 la suite d\u2019une grave blessure. Ces nouvelles encourageantes relancent v\u00e9ritablement ses chances de retrouver la comp\u00e9tition \u00e0 temps en vue de la Coupe du monde 2026.<\/strong><\/p>\n<p>Victime d\u2019une hernie ayant n\u00e9cessit\u00e9 une intervention chirurgicale le 16 avril dernier, le portier alg\u00e9rien pourrait effectuer son retour plus t\u00f4t qu\u2019annonc\u00e9 initialement par le staff m\u00e9dical. Alors que le club \u00e9voquait au d\u00e9part une absence de plusieurs semaines, le directeur sportif Patrick Contos s\u2019est montr\u00e9 particuli\u00e8rement optimiste quant \u00e0 l\u2019\u00e9volution positive de sa convalescence. \u00ab Apr\u00e8s son op\u00e9ration, Melvin se porte bien et suit une r\u00e9cup\u00e9ration progressive et bien encadr\u00e9e. Il a d\u00e9j\u00e0 repris un programme de travail adapt\u00e9 \u00e0 son \u00e9tat \u00bb, a-t-il confi\u00e9 avec assurance, avant d\u2019ajouter : \u00ab Sa progression est encourageante et nous esp\u00e9rons le revoir tr\u00e8s prochainement sur les terrains de jeu \u00bb.<\/p>\n<p>Le responsable du club n\u2019a toutefois pas communiqu\u00e9 de d\u00e9lai pr\u00e9cis concernant son retour effectif \u00e0 la comp\u00e9tition, insistant sur le fait qu\u2019aucune autre mise \u00e0 jour ne serait diffus\u00e9e dans l\u2019imm\u00e9diat pour \u00e9viter toute pression inutile. Ces signaux positifs redonnent de l\u2019espoir au gardien alg\u00e9rien, qui ambitionne de retrouver rapidement son meilleur niveau afin de postuler s\u00e9rieusement \u00e0 une place dans la liste du s\u00e9lectionneur Vladimir Petkovi\u0107 pour le Mondial-2026. \u00c0 noter que les d\u00e9lais de r\u00e9cup\u00e9ration apr\u00e8s une op\u00e9ration de ce type restent g\u00e9n\u00e9ralement relativement courts, avec une reprise possible entre deux et quatre semaines, selon les sp\u00e9cialistes et les cas similaires observ\u00e9s.<\/p>\n<p style=\"text-align: right\"><strong>Djamel ABED<\/strong><\/p>\n","protected":false},"excerpt":{"rendered":"<p>Le Stade Nyonnais a tenu \u00e0 rassurer ses supporters concernant l\u2019\u00e9tat de sant\u00e9 de son gardien international alg\u00e9rien Melvin Mastil, op\u00e9r\u00e9 r\u00e9cemment \u00e0 la suite d\u2019une grave blessure. Ces nouvelles encourageantes relancent v\u00e9ritablement ses chances de retrouver la comp\u00e9tition \u00e0 temps en vue de la Coupe du monde 2026. Victime d\u2019une hernie ayant n\u00e9cessit\u00e9 une &hellip;<\/p>\n","protected":false},"author":3,"featured_media":151683,"comment_status":"closed","ping_status":"closed","sticky":false,"template":"","format":"standard","meta":{"footnotes":""},"categories":[128],"tags":[],"class_list":["post-151643","post","type-post","status-publish","format-standard","has-post-thumbnail","hentry","category-football-etranger"],"_links":{"self":[{"href":"http:\/\/planetesport.dz\/index.php?rest_route=\/wp\/v2\/posts\/151643","targetHints":{"allow":["GET"]}}],"collection":[{"href":"http:\/\/planetesport.dz\/index.php?rest_route=\/wp\/v2\/posts"}],"about":[{"href":"http:\/\/planetesport.dz\/index.php?rest_route=\/wp\/v2\/types\/post"}],"author":[{"embeddable":true,"href":"http:\/\/planetesport.dz\/index.php?rest_route=\/wp\/v2\/users\/3"}],"replies":[{"embeddable":true,"href":"http:\/\/planetesport.dz\/index.php?rest_route=%2Fwp%2Fv2%2Fcomments&post=151643"}],"version-history":[{"count":1,"href":"http:\/\/planetesport.dz\/index.php?rest_route=\/wp\/v2\/posts\/151643\/revisions"}],"predecessor-version":[{"id":151725,"href":"http:\/\/planetesport.dz\/index.php?rest_route=\/wp\/v2\/posts\/151643\/revisions\/151725"}],"wp:featuredmedia":[{"embeddable":true,"href":"http:\/\/planetesport.dz\/index.php?rest_route=\/wp\/v2\/media\/151683"}],"wp:attachment":[{"href":"http:\/\/planetesport.dz\/index.php?rest_route=%2Fwp%2Fv2%2Fmedia&parent=151643"}],"wp:term":[{"taxonomy":"category","embeddable":true,"href":"http:\/\/planetesport.dz\/index.php?rest_route=%2Fwp%2Fv2%2Fcategories&post=151643"},{"taxonomy":"post_tag","embeddable":true,"href":"http:\/\/planetesport.dz\/index.php?rest_route=%2Fwp%2Fv2%2Ftags&post=151643"}],"curies":[{"name":"wp","href":"https:\/\/api.w.org\/{rel}","templated":true}]}}