{"id":151635,"date":"2026-04-29T06:06:11","date_gmt":"2026-04-29T06:06:11","guid":{"rendered":"https:\/\/planetesport.dz\/?p=151635"},"modified":"2026-04-29T06:06:11","modified_gmt":"2026-04-29T06:06:11","slug":"mechid-a-fond-derriere-les-rouge-et-noir","status":"publish","type":"post","link":"http:\/\/planetesport.dz\/?p=151635","title":{"rendered":"Mechid \u00e0 fond derri\u00e8re les Rouge et Noir"},"content":{"rendered":"<div>Transf\u00e9r\u00e9 au Dinamo Makhatchkala lors du dernier mercato, Dyaa Eddine Mechid n\u2019en oublie pas pour autant ses racines. L\u2019ancien attaquant de l\u2019USM Alger a adress\u00e9 un message fort \u00e0 son ancienne \u00e9quipe \u00e0 l\u2019approche de la finale de la Coupe d\u2019Alg\u00e9rie. Dans une publication sur sa page Instagram officielle, le natif de Jijel a tenu \u00e0 apporter son soutien aux Rouge et Noir avant leur confrontation face au CR Belouizdad. Mechid a ainsi souhait\u00e9 bonne chance \u00e0 ses anciens co\u00e9quipiers, les exhortant \u00e0 tout donner pour d\u00e9crocher le troph\u00e9e. Ce message n\u2019est pas pass\u00e9 inaper\u00e7u. Toujours proche du vestiaire usmiste, avec lequel les liens n\u2019ont jamais \u00e9t\u00e9 rompus, le joueur a suscit\u00e9 des r\u00e9actions positives tant du c\u00f4t\u00e9 des joueurs que des supporters. Un geste simple, mais symbolique, qui illustre l\u2019attachement du joueur \u00e0 un club o\u00f9 il s\u2019est r\u00e9v\u00e9l\u00e9 et avec lequel il continue de partager des ambitions, m\u00eame \u00e0 distance.<\/div>\n<div><\/div>\n<div style=\"text-align: right\"><strong>Nassim A.<\/strong><\/div>\n","protected":false},"excerpt":{"rendered":"<p>Transf\u00e9r\u00e9 au Dinamo Makhatchkala lors du dernier mercato, Dyaa Eddine Mechid n\u2019en oublie pas pour autant ses racines. L\u2019ancien attaquant de l\u2019USM Alger a adress\u00e9 un message fort \u00e0 son ancienne \u00e9quipe \u00e0 l\u2019approche de la finale de la Coupe d\u2019Alg\u00e9rie. Dans une publication sur sa page Instagram officielle, le natif de Jijel a tenu &hellip;<\/p>\n","protected":false},"author":3,"featured_media":151678,"comment_status":"closed","ping_status":"closed","sticky":false,"template":"","format":"standard","meta":{"footnotes":""},"categories":[127],"tags":[],"class_list":["post-151635","post","type-post","status-publish","format-standard","has-post-thumbnail","hentry","category-football-algerien"],"_links":{"self":[{"href":"http:\/\/planetesport.dz\/index.php?rest_route=\/wp\/v2\/posts\/151635","targetHints":{"allow":["GET"]}}],"collection":[{"href":"http:\/\/planetesport.dz\/index.php?rest_route=\/wp\/v2\/posts"}],"about":[{"href":"http:\/\/planetesport.dz\/index.php?rest_route=\/wp\/v2\/types\/post"}],"author":[{"embeddable":true,"href":"http:\/\/planetesport.dz\/index.php?rest_route=\/wp\/v2\/users\/3"}],"replies":[{"embeddable":true,"href":"http:\/\/planetesport.dz\/index.php?rest_route=%2Fwp%2Fv2%2Fcomments&post=151635"}],"version-history":[{"count":1,"href":"http:\/\/planetesport.dz\/index.php?rest_route=\/wp\/v2\/posts\/151635\/revisions"}],"predecessor-version":[{"id":151717,"href":"http:\/\/planetesport.dz\/index.php?rest_route=\/wp\/v2\/posts\/151635\/revisions\/151717"}],"wp:featuredmedia":[{"embeddable":true,"href":"http:\/\/planetesport.dz\/index.php?rest_route=\/wp\/v2\/media\/151678"}],"wp:attachment":[{"href":"http:\/\/planetesport.dz\/index.php?rest_route=%2Fwp%2Fv2%2Fmedia&parent=151635"}],"wp:term":[{"taxonomy":"category","embeddable":true,"href":"http:\/\/planetesport.dz\/index.php?rest_route=%2Fwp%2Fv2%2Fcategories&post=151635"},{"taxonomy":"post_tag","embeddable":true,"href":"http:\/\/planetesport.dz\/index.php?rest_route=%2Fwp%2Fv2%2Ftags&post=151635"}],"curies":[{"name":"wp","href":"https:\/\/api.w.org\/{rel}","templated":true}]}}