{"id":151503,"date":"2026-04-27T22:50:58","date_gmt":"2026-04-27T22:50:58","guid":{"rendered":"https:\/\/planetesport.dz\/?p=151503"},"modified":"2026-04-27T22:50:58","modified_gmt":"2026-04-27T22:50:58","slug":"le-real-madrid-confirme-une-nouvelle-blessure-pour-kylian-mbappe","status":"publish","type":"post","link":"http:\/\/planetesport.dz\/?p=151503","title":{"rendered":"Le Real Madrid confirme une nouvelle blessure pour Kylian Mbapp\u00e9"},"content":{"rendered":"<p>Sorti sur blessure vendredi soir contre le Betis, Kylian Mbapp\u00e9 va vivre un nouveau coup d\u2019arr\u00eat dans une saison d\u00e9cid\u00e9ment chaotique. Lundi, la presse espagnole affirmait d\u2019ailleurs que l\u2019international fran\u00e7ais pourrait manquer toute la fin de saison afin de se pr\u00e9server pour la prochaine Coupe du monde. En attendant, le club madril\u00e8ne a confirm\u00e9 la mauvaise nouvelle : \u00ab Apr\u00e8s les examens r\u00e9alis\u00e9s aujourd\u2019hui sur notre joueur Kylian Mbapp\u00e9 par les services m\u00e9dicaux du Real Madrid, il a \u00e9t\u00e9 diagnostiqu\u00e9 avec une blessure au muscle semitendineux de sa jambe gauche. En attente d\u2019\u00e9volution \u00bb, peut-on lire dans le communiqu\u00e9 des Merengues. Reste d\u00e9sormais \u00e0 conna\u00eetre la dur\u00e9e d\u2019indisponibilit\u00e9 du Tricolore. D\u2019apr\u00e8s DAZN, l\u2019international fran\u00e7ais manquera la rencontre contre l\u2019Espanyol et est incertain pour le Cl\u00e1sico, le 10 mai prochain au Camp Nou, rapporte le site footmercato.net.<\/p>\n","protected":false},"excerpt":{"rendered":"<p>Sorti sur blessure vendredi soir contre le Betis, Kylian Mbapp\u00e9 va vivre un nouveau coup d\u2019arr\u00eat dans une saison d\u00e9cid\u00e9ment chaotique. Lundi, la presse espagnole affirmait d\u2019ailleurs que l\u2019international fran\u00e7ais pourrait manquer toute la fin de saison afin de se pr\u00e9server pour la prochaine Coupe du monde. En attendant, le club madril\u00e8ne a confirm\u00e9 la &hellip;<\/p>\n","protected":false},"author":3,"featured_media":151553,"comment_status":"closed","ping_status":"closed","sticky":false,"template":"","format":"standard","meta":{"footnotes":""},"categories":[128],"tags":[],"class_list":["post-151503","post","type-post","status-publish","format-standard","has-post-thumbnail","hentry","category-football-etranger"],"_links":{"self":[{"href":"http:\/\/planetesport.dz\/index.php?rest_route=\/wp\/v2\/posts\/151503","targetHints":{"allow":["GET"]}}],"collection":[{"href":"http:\/\/planetesport.dz\/index.php?rest_route=\/wp\/v2\/posts"}],"about":[{"href":"http:\/\/planetesport.dz\/index.php?rest_route=\/wp\/v2\/types\/post"}],"author":[{"embeddable":true,"href":"http:\/\/planetesport.dz\/index.php?rest_route=\/wp\/v2\/users\/3"}],"replies":[{"embeddable":true,"href":"http:\/\/planetesport.dz\/index.php?rest_route=%2Fwp%2Fv2%2Fcomments&post=151503"}],"version-history":[{"count":1,"href":"http:\/\/planetesport.dz\/index.php?rest_route=\/wp\/v2\/posts\/151503\/revisions"}],"predecessor-version":[{"id":151594,"href":"http:\/\/planetesport.dz\/index.php?rest_route=\/wp\/v2\/posts\/151503\/revisions\/151594"}],"wp:featuredmedia":[{"embeddable":true,"href":"http:\/\/planetesport.dz\/index.php?rest_route=\/wp\/v2\/media\/151553"}],"wp:attachment":[{"href":"http:\/\/planetesport.dz\/index.php?rest_route=%2Fwp%2Fv2%2Fmedia&parent=151503"}],"wp:term":[{"taxonomy":"category","embeddable":true,"href":"http:\/\/planetesport.dz\/index.php?rest_route=%2Fwp%2Fv2%2Fcategories&post=151503"},{"taxonomy":"post_tag","embeddable":true,"href":"http:\/\/planetesport.dz\/index.php?rest_route=%2Fwp%2Fv2%2Ftags&post=151503"}],"curies":[{"name":"wp","href":"https:\/\/api.w.org\/{rel}","templated":true}]}}