{"id":151502,"date":"2026-04-27T22:50:54","date_gmt":"2026-04-27T22:50:54","guid":{"rendered":"https:\/\/planetesport.dz\/?p=151502"},"modified":"2026-04-27T22:50:54","modified_gmt":"2026-04-27T22:50:54","slug":"en-lhecatombe-continue-chez-les-gardiens","status":"publish","type":"post","link":"http:\/\/planetesport.dz\/?p=151502","title":{"rendered":"EN : l\u2019h\u00e9catombe continue chez les gardiens"},"content":{"rendered":"<div><strong>Les soucis s\u2019accumulent dans les cages de la s\u00e9lection nationale. Le gardien Luca Zidane a contract\u00e9 une blessure pr\u00e9occupante lors du match opposant le Granada CF \u00e0 l\u2019UD Almer\u00eda, en Liga 2 espagnole.<\/strong><\/div>\n<div><\/div>\n<div>Le portier alg\u00e9rien a quitt\u00e9 la pelouse \u00e0 la 89e minute, suscitant de vives inqui\u00e9tudes dans une rencontre perdue par son \u00e9quipe (4-2). Un nouveau coup dur qui complique davantage la situation des gardiens des Verts \u00e0 l\u2019approche d\u2019une \u00e9ch\u00e9ance majeure comme la Coupe du monde.Cette blessure s\u2019ajoute \u00e0 celles d\u2019Alexandre\u00a0 Oukidja et d\u2019Anthony Mandrea, tous deux indisponibles, pla\u00e7ant le s\u00e9lectionneur Vladimir Petkovi\u0107 face \u00e0 un v\u00e9ritable casse-t\u00eate dans un poste aussi sensible.<\/div>\n<div><\/div>\n<div>Dans ce contexte, les options se r\u00e9duisent, ce qui pourrait pousser le staff technique \u00e0 explorer de nouvelles pistes ou \u00e0 offrir leur chance \u00e0 de jeunes profils dans les prochaines semaines. Avant sa sortie, Luca Zidane avait d\u00e9j\u00e0 v\u00e9cu une soir\u00e9e compliqu\u00e9e, cr\u00e9dit\u00e9 d\u2019une note de 4,7, \u00e0 l\u2019image des performances irr\u00e9guli\u00e8res de son \u00e9quipe ces derni\u00e8res journ\u00e9es.<\/div>\n<div><\/div>\n<div style=\"text-align: right\"><strong>Djamel ABED<\/strong><\/div>\n","protected":false},"excerpt":{"rendered":"<p>Les soucis s\u2019accumulent dans les cages de la s\u00e9lection nationale. Le gardien Luca Zidane a contract\u00e9 une blessure pr\u00e9occupante lors du match opposant le Granada CF \u00e0 l\u2019UD Almer\u00eda, en Liga 2 espagnole. Le portier alg\u00e9rien a quitt\u00e9 la pelouse \u00e0 la 89e minute, suscitant de vives inqui\u00e9tudes dans une rencontre perdue par son \u00e9quipe &hellip;<\/p>\n","protected":false},"author":3,"featured_media":151552,"comment_status":"closed","ping_status":"closed","sticky":false,"template":"","format":"standard","meta":{"footnotes":""},"categories":[128],"tags":[],"class_list":["post-151502","post","type-post","status-publish","format-standard","has-post-thumbnail","hentry","category-football-etranger"],"_links":{"self":[{"href":"http:\/\/planetesport.dz\/index.php?rest_route=\/wp\/v2\/posts\/151502","targetHints":{"allow":["GET"]}}],"collection":[{"href":"http:\/\/planetesport.dz\/index.php?rest_route=\/wp\/v2\/posts"}],"about":[{"href":"http:\/\/planetesport.dz\/index.php?rest_route=\/wp\/v2\/types\/post"}],"author":[{"embeddable":true,"href":"http:\/\/planetesport.dz\/index.php?rest_route=\/wp\/v2\/users\/3"}],"replies":[{"embeddable":true,"href":"http:\/\/planetesport.dz\/index.php?rest_route=%2Fwp%2Fv2%2Fcomments&post=151502"}],"version-history":[{"count":1,"href":"http:\/\/planetesport.dz\/index.php?rest_route=\/wp\/v2\/posts\/151502\/revisions"}],"predecessor-version":[{"id":151592,"href":"http:\/\/planetesport.dz\/index.php?rest_route=\/wp\/v2\/posts\/151502\/revisions\/151592"}],"wp:featuredmedia":[{"embeddable":true,"href":"http:\/\/planetesport.dz\/index.php?rest_route=\/wp\/v2\/media\/151552"}],"wp:attachment":[{"href":"http:\/\/planetesport.dz\/index.php?rest_route=%2Fwp%2Fv2%2Fmedia&parent=151502"}],"wp:term":[{"taxonomy":"category","embeddable":true,"href":"http:\/\/planetesport.dz\/index.php?rest_route=%2Fwp%2Fv2%2Fcategories&post=151502"},{"taxonomy":"post_tag","embeddable":true,"href":"http:\/\/planetesport.dz\/index.php?rest_route=%2Fwp%2Fv2%2Ftags&post=151502"}],"curies":[{"name":"wp","href":"https:\/\/api.w.org\/{rel}","templated":true}]}}