{"id":151501,"date":"2026-04-27T22:50:56","date_gmt":"2026-04-27T22:50:56","guid":{"rendered":"https:\/\/planetesport.dz\/?p=151501"},"modified":"2026-04-27T22:50:56","modified_gmt":"2026-04-27T22:50:56","slug":"les-corinthians-retirent-un-siege-de-leur-stade-pour-denoncer-le-racisme","status":"publish","type":"post","link":"http:\/\/planetesport.dz\/?p=151501","title":{"rendered":"Les Corinthians retirent un si\u00e8ge de leur stade pour d\u00e9noncer le racisme"},"content":{"rendered":"<p>Les Corinthians ont annonc\u00e9 le retrait du si\u00e8ge de la Neo Qu\u00edmica Arena sur lequel \u00e9tait install\u00e9e la personne ayant prof\u00e9r\u00e9 des insultes racistes lors de la r\u00e9ception de Palmeiras, le 12 avril. Le club des Corinthians a choisi un fort symbole pour lutter contre le racisme. Dans un communiqu\u00e9 publi\u00e9 dimanche et accompagn\u00e9 d&rsquo;une vid\u00e9o, la formation de Sao Paulo a annonc\u00e9 avoir retir\u00e9 un si\u00e8ge de la Neo Qu\u00edmica Arena dans le cadre d&rsquo;un manifeste contre le racisme. \u00c0 l&rsquo;endroit laiss\u00e9 vide, un message a \u00e9t\u00e9 install\u00e9 : \u00ab Ici, le racisme n&rsquo;a pas sa place. \u00bb Cette mesure a \u00e9t\u00e9 prise \u00e0 la suite de faits survenus dans les tribunes le 12 avril, face \u00e0 Palmeiras (0-0). Carlos Miguel, le portier adverse, a en effet \u00e9t\u00e9 la cible d&rsquo;injures \u00e0 caract\u00e8re raciste. Malgr\u00e9 d&rsquo;intenses recherches organis\u00e9es par le club et les autorit\u00e9s, l&rsquo;auteur de l&rsquo;agression n&rsquo;a pas pu \u00eatre identifi\u00e9. En signe de protestation, le club a donc choisi de transformer cette non-identification en un geste symbolique en retirant le si\u00e8ge o\u00f9 \u00e9tait install\u00e9e la personne ayant prof\u00e9r\u00e9 les insultes. Dans son communiqu\u00e9, le club br\u00e9silien rappelle \u00ab qu&rsquo;aucune tribune, aucun espace et aucune voix ne doivent \u00eatre accord\u00e9s \u00e0 la haine dans un stade \u00bb. Les Corinthians expliquent que ce si\u00e8ge retir\u00e9 repr\u00e9sente la \u00ab place qui n&rsquo;existera jamais pour les comportements racistes au sein de leur enceinte \u00bb.<br \/>\nCette prise de position est \u00e9galement accompagn\u00e9e d&rsquo;un QR code \u00e0 la place du si\u00e8ge. Ce QR code est aussi disponible \u00e0 d&rsquo;autres endroits du stade et renvoie vers une campagne de sensibilisation contre le racisme et du contenu \u00e9ducatif, rapporte le site lequipe.fr.<\/p>\n","protected":false},"excerpt":{"rendered":"<p>Les Corinthians ont annonc\u00e9 le retrait du si\u00e8ge de la Neo Qu\u00edmica Arena sur lequel \u00e9tait install\u00e9e la personne ayant prof\u00e9r\u00e9 des insultes racistes lors de la r\u00e9ception de Palmeiras, le 12 avril. Le club des Corinthians a choisi un fort symbole pour lutter contre le racisme. Dans un communiqu\u00e9 publi\u00e9 dimanche et accompagn\u00e9 d&rsquo;une &hellip;<\/p>\n","protected":false},"author":3,"featured_media":151554,"comment_status":"closed","ping_status":"closed","sticky":false,"template":"","format":"standard","meta":{"footnotes":""},"categories":[128],"tags":[],"class_list":["post-151501","post","type-post","status-publish","format-standard","has-post-thumbnail","hentry","category-football-etranger"],"_links":{"self":[{"href":"http:\/\/planetesport.dz\/index.php?rest_route=\/wp\/v2\/posts\/151501","targetHints":{"allow":["GET"]}}],"collection":[{"href":"http:\/\/planetesport.dz\/index.php?rest_route=\/wp\/v2\/posts"}],"about":[{"href":"http:\/\/planetesport.dz\/index.php?rest_route=\/wp\/v2\/types\/post"}],"author":[{"embeddable":true,"href":"http:\/\/planetesport.dz\/index.php?rest_route=\/wp\/v2\/users\/3"}],"replies":[{"embeddable":true,"href":"http:\/\/planetesport.dz\/index.php?rest_route=%2Fwp%2Fv2%2Fcomments&post=151501"}],"version-history":[{"count":1,"href":"http:\/\/planetesport.dz\/index.php?rest_route=\/wp\/v2\/posts\/151501\/revisions"}],"predecessor-version":[{"id":151593,"href":"http:\/\/planetesport.dz\/index.php?rest_route=\/wp\/v2\/posts\/151501\/revisions\/151593"}],"wp:featuredmedia":[{"embeddable":true,"href":"http:\/\/planetesport.dz\/index.php?rest_route=\/wp\/v2\/media\/151554"}],"wp:attachment":[{"href":"http:\/\/planetesport.dz\/index.php?rest_route=%2Fwp%2Fv2%2Fmedia&parent=151501"}],"wp:term":[{"taxonomy":"category","embeddable":true,"href":"http:\/\/planetesport.dz\/index.php?rest_route=%2Fwp%2Fv2%2Fcategories&post=151501"},{"taxonomy":"post_tag","embeddable":true,"href":"http:\/\/planetesport.dz\/index.php?rest_route=%2Fwp%2Fv2%2Ftags&post=151501"}],"curies":[{"name":"wp","href":"https:\/\/api.w.org\/{rel}","templated":true}]}}