{"id":151500,"date":"2026-04-27T22:50:51","date_gmt":"2026-04-27T22:50:51","guid":{"rendered":"https:\/\/planetesport.dz\/?p=151500"},"modified":"2026-04-27T22:50:51","modified_gmt":"2026-04-27T22:50:51","slug":"fares-chaibi-en-discussions-avancees-avec-brighton-et-brentford","status":"publish","type":"post","link":"http:\/\/planetesport.dz\/?p=151500","title":{"rendered":"Far\u00e8s Cha\u00efbi en discussions avanc\u00e9es avec Brighton et Brentford"},"content":{"rendered":"<div>L\u2019avenir de Far\u00e8s Cha\u00efbi pourrait rapidement s\u2019\u00e9crire en Premier League. Selon le quotidien Bild, Brighton et Brentford ont engag\u00e9 des discussions concr\u00e8tes en vue d\u2019un transfert lors du prochain mercato estival.<\/div>\n<div>Les \u00e9changes entre les diff\u00e9rentes parties avancent dans un climat positif, laissant entrevoir une issue favorable dans les semaines \u00e0 venir. Du c\u00f4t\u00e9 de l\u2019Eintracht Frankfurt, un d\u00e9part n\u2019est pas exclu. Le club allemand se montre ouvert \u00e0 une vente, notamment face aux offres attractives venues d\u2019Angleterre. Auteur de prestations de bonne facture cette saison, Cha\u00efbi a vu sa cote grimper sur le march\u00e9, au point de devenir un actif essentiel pour son club.<\/div>\n<div><\/div>\n<div>Une transaction comprise entre 35 et 40 millions d\u2019euros est \u00e9voqu\u00e9e, preuve de l\u2019int\u00e9r\u00eat qu\u2019il suscite. Si elle se concr\u00e9tise, l\u2019op\u00e9ration placerait l\u2019international alg\u00e9rien parmi les transferts les plus importants pour un joueur alg\u00e9rien ces derni\u00e8res ann\u00e9es, confirmant l\u2019attractivit\u00e9 croissante des talents issus du football nord-africain sur la sc\u00e8ne europ\u00e9enne.<\/div>\n<div><\/div>\n<div style=\"text-align: right\"><strong>Djamel ABED<\/strong><\/div>\n","protected":false},"excerpt":{"rendered":"<p>L\u2019avenir de Far\u00e8s Cha\u00efbi pourrait rapidement s\u2019\u00e9crire en Premier League. Selon le quotidien Bild, Brighton et Brentford ont engag\u00e9 des discussions concr\u00e8tes en vue d\u2019un transfert lors du prochain mercato estival. Les \u00e9changes entre les diff\u00e9rentes parties avancent dans un climat positif, laissant entrevoir une issue favorable dans les semaines \u00e0 venir. Du c\u00f4t\u00e9 de &hellip;<\/p>\n","protected":false},"author":3,"featured_media":151551,"comment_status":"closed","ping_status":"closed","sticky":false,"template":"","format":"standard","meta":{"footnotes":""},"categories":[128],"tags":[],"class_list":["post-151500","post","type-post","status-publish","format-standard","has-post-thumbnail","hentry","category-football-etranger"],"_links":{"self":[{"href":"http:\/\/planetesport.dz\/index.php?rest_route=\/wp\/v2\/posts\/151500","targetHints":{"allow":["GET"]}}],"collection":[{"href":"http:\/\/planetesport.dz\/index.php?rest_route=\/wp\/v2\/posts"}],"about":[{"href":"http:\/\/planetesport.dz\/index.php?rest_route=\/wp\/v2\/types\/post"}],"author":[{"embeddable":true,"href":"http:\/\/planetesport.dz\/index.php?rest_route=\/wp\/v2\/users\/3"}],"replies":[{"embeddable":true,"href":"http:\/\/planetesport.dz\/index.php?rest_route=%2Fwp%2Fv2%2Fcomments&post=151500"}],"version-history":[{"count":1,"href":"http:\/\/planetesport.dz\/index.php?rest_route=\/wp\/v2\/posts\/151500\/revisions"}],"predecessor-version":[{"id":151591,"href":"http:\/\/planetesport.dz\/index.php?rest_route=\/wp\/v2\/posts\/151500\/revisions\/151591"}],"wp:featuredmedia":[{"embeddable":true,"href":"http:\/\/planetesport.dz\/index.php?rest_route=\/wp\/v2\/media\/151551"}],"wp:attachment":[{"href":"http:\/\/planetesport.dz\/index.php?rest_route=%2Fwp%2Fv2%2Fmedia&parent=151500"}],"wp:term":[{"taxonomy":"category","embeddable":true,"href":"http:\/\/planetesport.dz\/index.php?rest_route=%2Fwp%2Fv2%2Fcategories&post=151500"},{"taxonomy":"post_tag","embeddable":true,"href":"http:\/\/planetesport.dz\/index.php?rest_route=%2Fwp%2Fv2%2Ftags&post=151500"}],"curies":[{"name":"wp","href":"https:\/\/api.w.org\/{rel}","templated":true}]}}