{"id":151499,"date":"2026-04-27T22:50:16","date_gmt":"2026-04-27T22:50:16","guid":{"rendered":"https:\/\/planetesport.dz\/?p=151499"},"modified":"2026-04-27T22:50:16","modified_gmt":"2026-04-27T22:50:16","slug":"aouchiche-enchaine-et-confirme","status":"publish","type":"post","link":"http:\/\/planetesport.dz\/?p=151499","title":{"rendered":"Aouchiche encha\u00eene et confirme"},"content":{"rendered":"<div>L\u2019international alg\u00e9rien Adil Aouchiche s\u2019est une nouvelle fois illustr\u00e9, dimanche, en trouvant le chemin des filets lors de la rencontre opposant son \u00e9quipe du FC Schalke 04 au SC Paderborn 07. Titulaire au coup d\u2019envoi, le milieu offensif alg\u00e9rien a particip\u00e9 activement \u00e0 cette affiche comptant pour la 31e journ\u00e9e de 2. Bundesliga. Il s\u2019est distingu\u00e9 \u00e0 la 40e minute de la premi\u00e8re p\u00e9riode en inscrivant le but \u00e9galisateur pour Schalke, permettant \u00e0 son \u00e9quipe de rester dans le match. Avec cette nouvelle r\u00e9alisation, Aouchiche confirme sa r\u00e9gularit\u00e9 cette saison. Le joueur form\u00e9 en France encha\u00eene les bonnes performances et s\u2019impose progressivement comme un \u00e9l\u00e9ment important de l\u2019effectif de Schalke 04, dans l\u2019antichambre de l\u2019\u00e9lite allemande.<\/div>\n<div><\/div>\n<div style=\"text-align: right\"><strong>Djamel ABED<\/strong><\/div>\n","protected":false},"excerpt":{"rendered":"<p>L\u2019international alg\u00e9rien Adil Aouchiche s\u2019est une nouvelle fois illustr\u00e9, dimanche, en trouvant le chemin des filets lors de la rencontre opposant son \u00e9quipe du FC Schalke 04 au SC Paderborn 07. Titulaire au coup d\u2019envoi, le milieu offensif alg\u00e9rien a particip\u00e9 activement \u00e0 cette affiche comptant pour la 31e journ\u00e9e de 2. Bundesliga. Il s\u2019est &hellip;<\/p>\n","protected":false},"author":3,"featured_media":151550,"comment_status":"closed","ping_status":"closed","sticky":false,"template":"","format":"standard","meta":{"footnotes":""},"categories":[128],"tags":[],"class_list":["post-151499","post","type-post","status-publish","format-standard","has-post-thumbnail","hentry","category-football-etranger"],"_links":{"self":[{"href":"http:\/\/planetesport.dz\/index.php?rest_route=\/wp\/v2\/posts\/151499","targetHints":{"allow":["GET"]}}],"collection":[{"href":"http:\/\/planetesport.dz\/index.php?rest_route=\/wp\/v2\/posts"}],"about":[{"href":"http:\/\/planetesport.dz\/index.php?rest_route=\/wp\/v2\/types\/post"}],"author":[{"embeddable":true,"href":"http:\/\/planetesport.dz\/index.php?rest_route=\/wp\/v2\/users\/3"}],"replies":[{"embeddable":true,"href":"http:\/\/planetesport.dz\/index.php?rest_route=%2Fwp%2Fv2%2Fcomments&post=151499"}],"version-history":[{"count":1,"href":"http:\/\/planetesport.dz\/index.php?rest_route=\/wp\/v2\/posts\/151499\/revisions"}],"predecessor-version":[{"id":151590,"href":"http:\/\/planetesport.dz\/index.php?rest_route=\/wp\/v2\/posts\/151499\/revisions\/151590"}],"wp:featuredmedia":[{"embeddable":true,"href":"http:\/\/planetesport.dz\/index.php?rest_route=\/wp\/v2\/media\/151550"}],"wp:attachment":[{"href":"http:\/\/planetesport.dz\/index.php?rest_route=%2Fwp%2Fv2%2Fmedia&parent=151499"}],"wp:term":[{"taxonomy":"category","embeddable":true,"href":"http:\/\/planetesport.dz\/index.php?rest_route=%2Fwp%2Fv2%2Fcategories&post=151499"},{"taxonomy":"post_tag","embeddable":true,"href":"http:\/\/planetesport.dz\/index.php?rest_route=%2Fwp%2Fv2%2Ftags&post=151499"}],"curies":[{"name":"wp","href":"https:\/\/api.w.org\/{rel}","templated":true}]}}