{"id":151496,"date":"2026-04-27T22:50:00","date_gmt":"2026-04-27T22:50:00","guid":{"rendered":"https:\/\/planetesport.dz\/?p=151496"},"modified":"2026-04-27T22:50:00","modified_gmt":"2026-04-27T22:50:00","slug":"la-course-contre-la-montre-est-lancee-pour-bennacer","status":"publish","type":"post","link":"http:\/\/planetesport.dz\/?p=151496","title":{"rendered":"La course contre-la-montre est lanc\u00e9e pour Bennacer"},"content":{"rendered":"<div>Isma\u00ebl Bennacer a go\u00fbt\u00e9 aux joies du sacre en Croatie. L\u2019international alg\u00e9rien a \u00e9t\u00e9 couronn\u00e9 champion avec le Dinamo Zagreb, officiellement sacr\u00e9 dimanche apr\u00e8s sa victoire face \u00e0 Vara\u017edin, \u00e0 quatre journ\u00e9es de la fin.<\/div>\n<div>Cette rencontre a \u00e9galement marqu\u00e9 le retour \u00e0 la comp\u00e9tition du milieu de terrain, absent lors des quatre derni\u00e8res sorties en raison d\u2019une blessure au genou. Entr\u00e9 en jeu \u00e0 la 75e minute, Bennacer a disput\u00e9 une quinzaine de minutes, suffisantes pour renouer avec le rythme apr\u00e8s une p\u00e9riode compliqu\u00e9e. Au total, l\u2019ancien joueur du Milan AC n\u2019a pris part qu\u2019\u00e0 14 rencontres cette saison, pour un temps de jeu limit\u00e9 \u00e0 moins de 800 minutes, cons\u00e9quence directe de p\u00e9pins physiques \u00e0 r\u00e9p\u00e9tition. Dans ces conditions, un maintien au Dinamo Zagreb semble peu probable. Le club croate ne devrait pas lever l\u2019option d\u2019achat incluse dans le pr\u00eat, en raison du co\u00fbt \u00e9lev\u00e9 de l\u2019op\u00e9ration. Bennacer aborde d\u00e9sormais une fin de saison d\u00e9cisive. Entre les derni\u00e8res journ\u00e9es de championnat et la finale de la Coupe de Croatie face \u00e0 Rijeka, pr\u00e9vue le 13 mai, le milieu alg\u00e9rien tentera de retrouver du rythme pour convaincre le s\u00e9lectionneur Vladimir Petkovi\u0107 \u00e0 l\u2019approche de la Coupe du monde 2026. Une course contre-la-montre est d\u00e9sormais engag\u00e9e pour esp\u00e9rer figurer dans la liste des Verts.<\/div>\n<div><\/div>\n<div style=\"text-align: right\"><strong>Djamel ABED<\/strong><\/div>\n","protected":false},"excerpt":{"rendered":"<p>Isma\u00ebl Bennacer a go\u00fbt\u00e9 aux joies du sacre en Croatie. L\u2019international alg\u00e9rien a \u00e9t\u00e9 couronn\u00e9 champion avec le Dinamo Zagreb, officiellement sacr\u00e9 dimanche apr\u00e8s sa victoire face \u00e0 Vara\u017edin, \u00e0 quatre journ\u00e9es de la fin. Cette rencontre a \u00e9galement marqu\u00e9 le retour \u00e0 la comp\u00e9tition du milieu de terrain, absent lors des quatre derni\u00e8res sorties &hellip;<\/p>\n","protected":false},"author":3,"featured_media":151549,"comment_status":"closed","ping_status":"closed","sticky":false,"template":"","format":"standard","meta":{"footnotes":""},"categories":[128],"tags":[],"class_list":["post-151496","post","type-post","status-publish","format-standard","has-post-thumbnail","hentry","category-football-etranger"],"_links":{"self":[{"href":"http:\/\/planetesport.dz\/index.php?rest_route=\/wp\/v2\/posts\/151496","targetHints":{"allow":["GET"]}}],"collection":[{"href":"http:\/\/planetesport.dz\/index.php?rest_route=\/wp\/v2\/posts"}],"about":[{"href":"http:\/\/planetesport.dz\/index.php?rest_route=\/wp\/v2\/types\/post"}],"author":[{"embeddable":true,"href":"http:\/\/planetesport.dz\/index.php?rest_route=\/wp\/v2\/users\/3"}],"replies":[{"embeddable":true,"href":"http:\/\/planetesport.dz\/index.php?rest_route=%2Fwp%2Fv2%2Fcomments&post=151496"}],"version-history":[{"count":1,"href":"http:\/\/planetesport.dz\/index.php?rest_route=\/wp\/v2\/posts\/151496\/revisions"}],"predecessor-version":[{"id":151589,"href":"http:\/\/planetesport.dz\/index.php?rest_route=\/wp\/v2\/posts\/151496\/revisions\/151589"}],"wp:featuredmedia":[{"embeddable":true,"href":"http:\/\/planetesport.dz\/index.php?rest_route=\/wp\/v2\/media\/151549"}],"wp:attachment":[{"href":"http:\/\/planetesport.dz\/index.php?rest_route=%2Fwp%2Fv2%2Fmedia&parent=151496"}],"wp:term":[{"taxonomy":"category","embeddable":true,"href":"http:\/\/planetesport.dz\/index.php?rest_route=%2Fwp%2Fv2%2Fcategories&post=151496"},{"taxonomy":"post_tag","embeddable":true,"href":"http:\/\/planetesport.dz\/index.php?rest_route=%2Fwp%2Fv2%2Ftags&post=151496"}],"curies":[{"name":"wp","href":"https:\/\/api.w.org\/{rel}","templated":true}]}}