{"id":145360,"date":"2026-03-15T05:57:00","date_gmt":"2026-03-15T05:57:00","guid":{"rendered":"https:\/\/planetesport.dz\/?p=145360"},"modified":"2026-03-15T05:57:00","modified_gmt":"2026-03-15T05:57:00","slug":"petkovic-innove-et-accorde-un-privilege-inedit-aux-verts","status":"publish","type":"post","link":"http:\/\/planetesport.dz\/?p=145360","title":{"rendered":"Petkovi\u0107 innove et accorde un privil\u00e8ge in\u00e9dit aux Verts"},"content":{"rendered":"<p>Le s\u00e9lectionneur national, Vladimir Petkovi\u0107, a pris une d\u00e9cision inhabituelle \u00e0 l\u2019approche du prochain stage des Verts, pr\u00e9vu en Italie \u00e0 la fin du mois de mars. L\u2019\u00e9quipe d\u2019Alg\u00e9rie effectuera un regroupement pr\u00e9paratoire ponctu\u00e9 par deux rencontres amicales, face au Guatemala et l\u2019Uruguay, dans le cadre de sa pr\u00e9paration pour la Coupe du monde de la FIFA 2026.<\/p>\n<p><strong>Une entorse \u00e0 une vieille tradition <\/strong><br \/>\nLe technicien suisse a d\u00e9cid\u00e9 de mettre entre parenth\u00e8ses une tradition solidement ancr\u00e9e au sein de la s\u00e9lection alg\u00e9rienne depuis pr\u00e8s de quinze ans. Habituellement, les stages des Verts d\u00e9butaient syst\u00e9matiquement au Centre technique national de Sidi Moussa, avant que la d\u00e9l\u00e9gation ne se d\u00e9place vers le lieu de la rencontre ou du stage. Cette pratique remonte \u00e0 l\u2019\u00e8re de l\u2019ancien s\u00e9lectionneur Vahid Halilhod\u017ei\u0107, qui avait instaur\u00e9 ce rituel d\u00e8s sa prise de fonction en 2011.<\/p>\n<p><strong>Un geste en faveur des joueurs<\/strong><br \/>\nCette fois, Vladimir Petkovi\u0107 a choisi d\u2019adopter une organisation diff\u00e9rente. Les co\u00e9quipiers de Riyad Mahrez rejoindront directement l\u2019Italie, sans passer par Alger, afin d\u2019entamer leur pr\u00e9paration sur place.<br \/>\nCette d\u00e9cision vise avant tout \u00e0 offrir davantage de temps aux joueurs aupr\u00e8s de leurs familles. Le stage des Verts co\u00efncidant avec la p\u00e9riode de l\u2019A\u00efd el-Fitr, un rassemblement pr\u00e9alable \u00e0 Alger aurait impos\u00e9 des d\u00e9placements suppl\u00e9mentaires et particuli\u00e8rement \u00e9prouvants sur une courte p\u00e9riode.<\/p>\n<p style=\"text-align: right\">\n<strong>Djamel ABED<\/strong><\/p>\n","protected":false},"excerpt":{"rendered":"<p>Le s\u00e9lectionneur national, Vladimir Petkovi\u0107, a pris une d\u00e9cision inhabituelle \u00e0 l\u2019approche du prochain stage des Verts, pr\u00e9vu en Italie \u00e0 la fin du mois de mars. L\u2019\u00e9quipe d\u2019Alg\u00e9rie effectuera un regroupement pr\u00e9paratoire ponctu\u00e9 par deux rencontres amicales, face au Guatemala et l\u2019Uruguay, dans le cadre de sa pr\u00e9paration pour la Coupe du monde de &hellip;<\/p>\n","protected":false},"author":3,"featured_media":145415,"comment_status":"closed","ping_status":"closed","sticky":false,"template":"","format":"standard","meta":{"footnotes":""},"categories":[169,127],"tags":[],"class_list":["post-145360","post","type-post","status-publish","format-standard","has-post-thumbnail","hentry","category-equipe-nationale-football","category-football-algerien"],"_links":{"self":[{"href":"http:\/\/planetesport.dz\/index.php?rest_route=\/wp\/v2\/posts\/145360","targetHints":{"allow":["GET"]}}],"collection":[{"href":"http:\/\/planetesport.dz\/index.php?rest_route=\/wp\/v2\/posts"}],"about":[{"href":"http:\/\/planetesport.dz\/index.php?rest_route=\/wp\/v2\/types\/post"}],"author":[{"embeddable":true,"href":"http:\/\/planetesport.dz\/index.php?rest_route=\/wp\/v2\/users\/3"}],"replies":[{"embeddable":true,"href":"http:\/\/planetesport.dz\/index.php?rest_route=%2Fwp%2Fv2%2Fcomments&post=145360"}],"version-history":[{"count":1,"href":"http:\/\/planetesport.dz\/index.php?rest_route=\/wp\/v2\/posts\/145360\/revisions"}],"predecessor-version":[{"id":145493,"href":"http:\/\/planetesport.dz\/index.php?rest_route=\/wp\/v2\/posts\/145360\/revisions\/145493"}],"wp:featuredmedia":[{"embeddable":true,"href":"http:\/\/planetesport.dz\/index.php?rest_route=\/wp\/v2\/media\/145415"}],"wp:attachment":[{"href":"http:\/\/planetesport.dz\/index.php?rest_route=%2Fwp%2Fv2%2Fmedia&parent=145360"}],"wp:term":[{"taxonomy":"category","embeddable":true,"href":"http:\/\/planetesport.dz\/index.php?rest_route=%2Fwp%2Fv2%2Fcategories&post=145360"},{"taxonomy":"post_tag","embeddable":true,"href":"http:\/\/planetesport.dz\/index.php?rest_route=%2Fwp%2Fv2%2Ftags&post=145360"}],"curies":[{"name":"wp","href":"https:\/\/api.w.org\/{rel}","templated":true}]}}