{"id":145357,"date":"2026-03-15T05:59:48","date_gmt":"2026-03-15T05:59:48","guid":{"rendered":"https:\/\/planetesport.dz\/?p=145357"},"modified":"2026-03-15T05:59:48","modified_gmt":"2026-03-15T05:59:48","slug":"petkovic-devoilera-sa-liste-ce-mercredi","status":"publish","type":"post","link":"http:\/\/planetesport.dz\/?p=145357","title":{"rendered":"Petkovi\u0107 d\u00e9voilera sa liste ce mercredi"},"content":{"rendered":"<p>Le s\u00e9lectionneur national, Vladimir Petkovi\u0107, animera mercredi prochain une conf\u00e9rence de presse au stade Nelson-Mandela de Baraki. Selon le site officiel de la F\u00e9d\u00e9ration alg\u00e9rienne de football, cette rencontre avec les m\u00e9dias se tiendra \u00e0 partir de 21h dans la salle Mohamed-Salah du stade situ\u00e9 \u00e0 Baraki.<br \/>\n\u00c0 cette occasion, le technicien suisse d\u00e9voilera la liste des joueurs retenus pour le stage du mois de mars.<br \/>\nCe regroupement sera marqu\u00e9 par deux rencontres amicales programm\u00e9es en Italie o\u00f9 la s\u00e9lection alg\u00e9rienne affrontera 27 mars le Guatemala au Stadio Luigi Ferraris, \u00e0 G\u00eanes. La seconde affiche verra les Verts affronter l\u2019Uruguay \u00e0 l\u2019Allianz Stadium, dans la ville de Turin.<\/p>\n<p style=\"text-align: right\">\n<strong>Djamel ABED<\/strong><\/p>\n","protected":false},"excerpt":{"rendered":"<p>Le s\u00e9lectionneur national, Vladimir Petkovi\u0107, animera mercredi prochain une conf\u00e9rence de presse au stade Nelson-Mandela de Baraki. Selon le site officiel de la F\u00e9d\u00e9ration alg\u00e9rienne de football, cette rencontre avec les m\u00e9dias se tiendra \u00e0 partir de 21h dans la salle Mohamed-Salah du stade situ\u00e9 \u00e0 Baraki. \u00c0 cette occasion, le technicien suisse d\u00e9voilera la &hellip;<\/p>\n","protected":false},"author":3,"featured_media":128440,"comment_status":"closed","ping_status":"closed","sticky":false,"template":"","format":"standard","meta":{"footnotes":""},"categories":[169,127],"tags":[],"class_list":["post-145357","post","type-post","status-publish","format-standard","has-post-thumbnail","hentry","category-equipe-nationale-football","category-football-algerien"],"_links":{"self":[{"href":"http:\/\/planetesport.dz\/index.php?rest_route=\/wp\/v2\/posts\/145357","targetHints":{"allow":["GET"]}}],"collection":[{"href":"http:\/\/planetesport.dz\/index.php?rest_route=\/wp\/v2\/posts"}],"about":[{"href":"http:\/\/planetesport.dz\/index.php?rest_route=\/wp\/v2\/types\/post"}],"author":[{"embeddable":true,"href":"http:\/\/planetesport.dz\/index.php?rest_route=\/wp\/v2\/users\/3"}],"replies":[{"embeddable":true,"href":"http:\/\/planetesport.dz\/index.php?rest_route=%2Fwp%2Fv2%2Fcomments&post=145357"}],"version-history":[{"count":1,"href":"http:\/\/planetesport.dz\/index.php?rest_route=\/wp\/v2\/posts\/145357\/revisions"}],"predecessor-version":[{"id":145506,"href":"http:\/\/planetesport.dz\/index.php?rest_route=\/wp\/v2\/posts\/145357\/revisions\/145506"}],"wp:featuredmedia":[{"embeddable":true,"href":"http:\/\/planetesport.dz\/index.php?rest_route=\/wp\/v2\/media\/128440"}],"wp:attachment":[{"href":"http:\/\/planetesport.dz\/index.php?rest_route=%2Fwp%2Fv2%2Fmedia&parent=145357"}],"wp:term":[{"taxonomy":"category","embeddable":true,"href":"http:\/\/planetesport.dz\/index.php?rest_route=%2Fwp%2Fv2%2Fcategories&post=145357"},{"taxonomy":"post_tag","embeddable":true,"href":"http:\/\/planetesport.dz\/index.php?rest_route=%2Fwp%2Fv2%2Ftags&post=145357"}],"curies":[{"name":"wp","href":"https:\/\/api.w.org\/{rel}","templated":true}]}}