{"id":145250,"date":"2026-03-14T06:21:20","date_gmt":"2026-03-14T06:21:20","guid":{"rendered":"https:\/\/planetesport.dz\/?p=145250"},"modified":"2026-03-14T06:21:20","modified_gmt":"2026-03-14T06:21:20","slug":"chenitef-et-sekiou-declarent-forfait","status":"publish","type":"post","link":"http:\/\/planetesport.dz\/?p=145250","title":{"rendered":"Chenitef et Sekiou d\u00e9clarent forfait\u00a0"},"content":{"rendered":"<div><strong>La d\u00e9l\u00e9gation alg\u00e9rienne aux prochains championnats du monde d\u2019athl\u00e9tisme en salle, pr\u00e9vus du 20 au 22 mars en Pologne dans le cadre des World Athletics Indoor Championships 2026, sera finalement compos\u00e9e de quatre athl\u00e8tes.<\/strong><\/div>\n<div><\/div>\n<div>Alors que six noms figuraient initialement parmi les qualifi\u00e9s potentiels, deux \u00e9l\u00e9ments ont d\u00e9clar\u00e9 forfait, r\u00e9duisant ainsi la repr\u00e9sentation nationale pour ce rendez-vous mondial. La World Athletics a r\u00e9cemment publi\u00e9 la liste officielle des athl\u00e8tes qualifi\u00e9s pour cette \u00e9dition, confirmant la pr\u00e9sence de quatre Alg\u00e9riens dans la comp\u00e9tition.<\/div>\n<div><\/div>\n<div><strong>Chenitef renonce pour mauvaise forme<\/strong><\/div>\n<div>Le demi-fondiste Haitham Chenitef, engag\u00e9 sur 1 500 m\u00e8tres, ne sera finalement pas pr\u00e9sent en Pologne. L\u2019athl\u00e8te a adress\u00e9 une correspondance \u00e0 la F\u00e9d\u00e9ration alg\u00e9rienne d\u2019athl\u00e9tisme pour informer les responsables de sa d\u00e9cision de renoncer \u00e0 la comp\u00e9tition. Selon ses explications, le coureur estime ne pas \u00eatre au meilleur de sa forme actuellement. Afin d\u2019\u00e9viter une participation qui ne correspondrait pas \u00e0 ses ambitions sportives, il a pr\u00e9f\u00e9r\u00e9 se retirer et se concentrer sur la suite de sa pr\u00e9paration pour les prochaines \u00e9ch\u00e9ances internationales.<\/div>\n<div><\/div>\n<div><strong>Sekiou retenu par un probl\u00e8me administratif<\/strong><\/div>\n<div>L\u2019autre forfait concerne le sprinteur Abderrazak Sekiou, sp\u00e9cialiste du 400 m\u00e8tres. Qualifi\u00e9 gr\u00e2ce \u00e0 une performance de 45\u2019\u201953, l\u2019athl\u00e8te ne pourra finalement pas effectuer le d\u00e9placement en Pologne. Install\u00e9 actuellement aux \u00c9tats-Unis dans le cadre de sa pr\u00e9paration, Sekiou a \u00e9t\u00e9 retenu par un probl\u00e8me administratif qui l\u2019emp\u00eache de voyager dans les d\u00e9lais n\u00e9cessaires pour prendre part \u00e0 la comp\u00e9tition.<\/div>\n<div><\/div>\n<div><strong>Quatre Alg\u00e9riens au rendez-vous<\/strong><\/div>\n<div>Malgr\u00e9 ces deux forfaits, l\u2019Alg\u00e9rie sera bel et bien repr\u00e9sent\u00e9e lors de ces championnats du monde indoor avec quatre athl\u00e8tes qualifi\u00e9s. Au triple saut, Yasser Mohamed Triki sera l\u2019un des principaux atouts de la d\u00e9l\u00e9gation nationale. L\u2019athl\u00e8te s\u2019est qualifi\u00e9 en r\u00e9alisant un bond de 17,35 m, une performance qui confirme son statut parmi les meilleurs sp\u00e9cialistes mondiaux de la discipline. Le demi-fond sera repr\u00e9sent\u00e9 par deux coureurs de haut niveau sur 800 m\u00e8tres : Mohamed Ali Gouaned a valid\u00e9 sa qualification avec un chrono de 1:44.67, tandis que Slimane Moula a r\u00e9ussi les minima avec un temps de 1:44.80. Les deux athl\u00e8tes poss\u00e8dent l\u2019exp\u00e9rience des grandes comp\u00e9titions internationales et tenteront de jouer les premiers r\u00f4les. La quatri\u00e8me carte alg\u00e9rienne sera le jeune sauteur en hauteur Younes Ayachi, auteur d\u2019une performance remarquable \u00e0 2,28 m. \u00c0 seulement 17 ans, il incarne l\u2019avenir de l\u2019athl\u00e9tisme alg\u00e9rien et participera pour la premi\u00e8re fois \u00e0 un championnat du monde chez les seniors, une exp\u00e9rience pr\u00e9cieuse pour la suite de sa carri\u00e8re.<\/div>\n<div><\/div>\n<div style=\"text-align: right\"><strong>A. A.<\/strong><\/div>\n","protected":false},"excerpt":{"rendered":"<p>La d\u00e9l\u00e9gation alg\u00e9rienne aux prochains championnats du monde d\u2019athl\u00e9tisme en salle, pr\u00e9vus du 20 au 22 mars en Pologne dans le cadre des World Athletics Indoor Championships 2026, sera finalement compos\u00e9e de quatre athl\u00e8tes. Alors que six noms figuraient initialement parmi les qualifi\u00e9s potentiels, deux \u00e9l\u00e9ments ont d\u00e9clar\u00e9 forfait, r\u00e9duisant ainsi la repr\u00e9sentation nationale pour &hellip;<\/p>\n","protected":false},"author":3,"featured_media":145269,"comment_status":"closed","ping_status":"closed","sticky":false,"template":"","format":"standard","meta":{"footnotes":""},"categories":[158,129],"tags":[],"class_list":["post-145250","post","type-post","status-publish","format-standard","has-post-thumbnail","hentry","category-athletisme","category-omnisport"],"_links":{"self":[{"href":"http:\/\/planetesport.dz\/index.php?rest_route=\/wp\/v2\/posts\/145250","targetHints":{"allow":["GET"]}}],"collection":[{"href":"http:\/\/planetesport.dz\/index.php?rest_route=\/wp\/v2\/posts"}],"about":[{"href":"http:\/\/planetesport.dz\/index.php?rest_route=\/wp\/v2\/types\/post"}],"author":[{"embeddable":true,"href":"http:\/\/planetesport.dz\/index.php?rest_route=\/wp\/v2\/users\/3"}],"replies":[{"embeddable":true,"href":"http:\/\/planetesport.dz\/index.php?rest_route=%2Fwp%2Fv2%2Fcomments&post=145250"}],"version-history":[{"count":1,"href":"http:\/\/planetesport.dz\/index.php?rest_route=\/wp\/v2\/posts\/145250\/revisions"}],"predecessor-version":[{"id":145321,"href":"http:\/\/planetesport.dz\/index.php?rest_route=\/wp\/v2\/posts\/145250\/revisions\/145321"}],"wp:featuredmedia":[{"embeddable":true,"href":"http:\/\/planetesport.dz\/index.php?rest_route=\/wp\/v2\/media\/145269"}],"wp:attachment":[{"href":"http:\/\/planetesport.dz\/index.php?rest_route=%2Fwp%2Fv2%2Fmedia&parent=145250"}],"wp:term":[{"taxonomy":"category","embeddable":true,"href":"http:\/\/planetesport.dz\/index.php?rest_route=%2Fwp%2Fv2%2Fcategories&post=145250"},{"taxonomy":"post_tag","embeddable":true,"href":"http:\/\/planetesport.dz\/index.php?rest_route=%2Fwp%2Fv2%2Ftags&post=145250"}],"curies":[{"name":"wp","href":"https:\/\/api.w.org\/{rel}","templated":true}]}}