{"id":145172,"date":"2026-03-14T04:51:52","date_gmt":"2026-03-14T04:51:52","guid":{"rendered":"https:\/\/planetesport.dz\/?p=145172"},"modified":"2026-03-14T04:51:52","modified_gmt":"2026-03-14T04:51:52","slug":"vers-le-maintien-de-doudane-comme-manager-general-la-saison-prochaine","status":"publish","type":"post","link":"http:\/\/planetesport.dz\/?p=145172","title":{"rendered":"Vers le maintien de Doudane comme manager g\u00e9n\u00e9ral la saison prochaine"},"content":{"rendered":"<div>Sur un autre front, l&rsquo;actualit\u00e9 est plus rassurante pour les amoureux des Jaune et Vert. Le poste de manager g\u00e9n\u00e9ral du club fait l&rsquo;objet de discussions avanc\u00e9es, et tout porte \u00e0 croire que Karim Doudane sera maintenu dans ses fonctions pour la saison 2026-2027. M\u00eame avec l&rsquo;arriv\u00e9e imminente d&rsquo;un directeur technique sportif \u2013 qui pourrait red\u00e9finir les hi\u00e9rarchies internes \u2013, Doudane semble intouchable. Les responsables d&rsquo;ATM Mobilis sont s\u00e9duits par son bilan, malgr\u00e9 les r\u00e9sultats mitig\u00e9s de la JSK cette saison.<\/div>\n<div><\/div>\n<div>Rappelons les faits : en Ligue des champions africaine, le club a \u00e9t\u00e9 \u00e9limin\u00e9 pr\u00e9matur\u00e9ment, et en Coupe d&rsquo;Alg\u00e9rie, les Canaris n&rsquo;ont pas brill\u00e9 non plus. Pourtant, les patrons de Mobilis ont exon\u00e9r\u00e9 Doudane de toute responsabilit\u00e9 lors de l&rsquo;assembl\u00e9e g\u00e9n\u00e9rale du 3 f\u00e9vrier. \u00c0 l&rsquo;inverse, le pr\u00e9sident du conseil d&rsquo;administration, Ould Ali, et le directeur g\u00e9n\u00e9ral, Hakim Medane, ont \u00e9t\u00e9 \u00e9ject\u00e9s sans m\u00e9nagement. Cette d\u00e9cision clivante a surpris, mais elle s&rsquo;explique par la vision des nouveaux propri\u00e9taires : Doudane apporte une exp\u00e9rience pr\u00e9cieuse et il conna\u00eet le club comme sa poche et a d\u00e9j\u00e0 d\u00e9montr\u00e9 ses qualit\u00e9s de gestionnaire en stabilisant l&rsquo;effectif au milieu d&rsquo;une saison chaotique.<\/div>\n<div><\/div>\n<div>Aujourd&rsquo;hui, Doudane met tout en \u0153uvre pour boucler l&rsquo;exercice en cours sur une note positive en championnat. Avec des recrues cibl\u00e9es et un coaching renforc\u00e9, l&rsquo;objectif du podium \u2013 voire du titre \u2013 reste \u00e0 port\u00e9e. S&rsquo;il est officiellement confirm\u00e9 dans son poste la saison prochaine, nul doute qu&rsquo;il visera plus haut : attirer de grands joueurs, comme un attaquant prolifique d&rsquo;Afrique de l&rsquo;Ouest ou un milieu cr\u00e9ateur international, pour hisser la JSK au sommet. Les supporters y croient, et Mobilis semble align\u00e9 sur cette ambition. Reste \u00e0 officialiser tout \u00e7a pour apaiser les c\u0153urs kabyles.<\/div>\n<div><\/div>\n<div style=\"text-align: right\"><strong>M. L.<\/strong><\/div>\n","protected":false},"excerpt":{"rendered":"<p>Sur un autre front, l&rsquo;actualit\u00e9 est plus rassurante pour les amoureux des Jaune et Vert. Le poste de manager g\u00e9n\u00e9ral du club fait l&rsquo;objet de discussions avanc\u00e9es, et tout porte \u00e0 croire que Karim Doudane sera maintenu dans ses fonctions pour la saison 2026-2027. M\u00eame avec l&rsquo;arriv\u00e9e imminente d&rsquo;un directeur technique sportif \u2013 qui pourrait &hellip;<\/p>\n","protected":false},"author":3,"featured_media":145223,"comment_status":"closed","ping_status":"closed","sticky":false,"template":"","format":"standard","meta":{"footnotes":""},"categories":[127],"tags":[],"class_list":["post-145172","post","type-post","status-publish","format-standard","has-post-thumbnail","hentry","category-football-algerien"],"_links":{"self":[{"href":"http:\/\/planetesport.dz\/index.php?rest_route=\/wp\/v2\/posts\/145172","targetHints":{"allow":["GET"]}}],"collection":[{"href":"http:\/\/planetesport.dz\/index.php?rest_route=\/wp\/v2\/posts"}],"about":[{"href":"http:\/\/planetesport.dz\/index.php?rest_route=\/wp\/v2\/types\/post"}],"author":[{"embeddable":true,"href":"http:\/\/planetesport.dz\/index.php?rest_route=\/wp\/v2\/users\/3"}],"replies":[{"embeddable":true,"href":"http:\/\/planetesport.dz\/index.php?rest_route=%2Fwp%2Fv2%2Fcomments&post=145172"}],"version-history":[{"count":1,"href":"http:\/\/planetesport.dz\/index.php?rest_route=\/wp\/v2\/posts\/145172\/revisions"}],"predecessor-version":[{"id":145280,"href":"http:\/\/planetesport.dz\/index.php?rest_route=\/wp\/v2\/posts\/145172\/revisions\/145280"}],"wp:featuredmedia":[{"embeddable":true,"href":"http:\/\/planetesport.dz\/index.php?rest_route=\/wp\/v2\/media\/145223"}],"wp:attachment":[{"href":"http:\/\/planetesport.dz\/index.php?rest_route=%2Fwp%2Fv2%2Fmedia&parent=145172"}],"wp:term":[{"taxonomy":"category","embeddable":true,"href":"http:\/\/planetesport.dz\/index.php?rest_route=%2Fwp%2Fv2%2Fcategories&post=145172"},{"taxonomy":"post_tag","embeddable":true,"href":"http:\/\/planetesport.dz\/index.php?rest_route=%2Fwp%2Fv2%2Ftags&post=145172"}],"curies":[{"name":"wp","href":"https:\/\/api.w.org\/{rel}","templated":true}]}}