{"id":145062,"date":"2026-03-12T15:07:31","date_gmt":"2026-03-12T15:07:31","guid":{"rendered":"https:\/\/planetesport.dz\/?p=145062"},"modified":"2026-03-12T15:07:31","modified_gmt":"2026-03-12T15:07:31","slug":"algerie-uruguay-la-vente-des-billets-lancee","status":"publish","type":"post","link":"http:\/\/planetesport.dz\/?p=145062","title":{"rendered":"Alg\u00e9rie-Uruguay\u00a0: la vente des billets lanc\u00e9e"},"content":{"rendered":"<p style=\"font-weight: 400\">La F\u00e9d\u00e9ration alg\u00e9rienne de football a annonc\u00e9, mardi, l\u2019ouverture de la billetterie pour la rencontre amicale qui opposera la s\u00e9lection alg\u00e9rienne \u00e0 l\u2019Uruguay.<\/p>\n<p style=\"font-weight: 400\">Ce match s\u2019inscrit dans le cadre de la pr\u00e9paration des Verts en vue de la Coupe du monde 2026.<\/p>\n<p style=\"font-weight: 400\">Dans un communiqu\u00e9 officiel, l\u2019instance f\u00e9d\u00e9rale a pr\u00e9cis\u00e9 que la rencontre se disputera le 31 mars \u00e0 l\u2019Allianz Stadium, \u00e0 Turin, avec un coup d\u2019envoi pr\u00e9vu \u00e0 20h30.<\/p>\n<p style=\"font-weight: 400\">La FAF a \u00e9galement indiqu\u00e9 que la commercialisation des billets a d\u00e9but\u00e9 mardi \u00e0 partir de 10h via la plateforme \u00e9lectronique d\u00e9di\u00e9e. Les supporters auront la possibilit\u00e9 d\u2019acheter leurs places jusqu\u2019au jour du match, soit le 31 mars \u00e0 20h30.<\/p>\n<p style=\"font-weight: 400\">Enfin, l\u2019instance organisatrice a pr\u00e9cis\u00e9 que chaque acheteur pourra acqu\u00e9rir un maximum de quatre billets, une mesure destin\u00e9e \u00e0 encadrer la vente et \u00e0 permettre au plus grand nombre de supporters d\u2019assister \u00e0 cette affiche.<\/p>\n<p style=\"font-weight: 400;text-align: right\"><strong>Djamel ABED<\/strong><\/p>\n","protected":false},"excerpt":{"rendered":"<p>La F\u00e9d\u00e9ration alg\u00e9rienne de football a annonc\u00e9, mardi, l\u2019ouverture de la billetterie pour la rencontre amicale qui opposera la s\u00e9lection alg\u00e9rienne \u00e0 l\u2019Uruguay. Ce match s\u2019inscrit dans le cadre de la pr\u00e9paration des Verts en vue de la Coupe du monde 2026. Dans un communiqu\u00e9 officiel, l\u2019instance f\u00e9d\u00e9rale a pr\u00e9cis\u00e9 que la rencontre se disputera &hellip;<\/p>\n","protected":false},"author":3,"featured_media":145094,"comment_status":"closed","ping_status":"closed","sticky":false,"template":"","format":"standard","meta":{"footnotes":""},"categories":[169,127],"tags":[],"class_list":["post-145062","post","type-post","status-publish","format-standard","has-post-thumbnail","hentry","category-equipe-nationale-football","category-football-algerien"],"_links":{"self":[{"href":"http:\/\/planetesport.dz\/index.php?rest_route=\/wp\/v2\/posts\/145062","targetHints":{"allow":["GET"]}}],"collection":[{"href":"http:\/\/planetesport.dz\/index.php?rest_route=\/wp\/v2\/posts"}],"about":[{"href":"http:\/\/planetesport.dz\/index.php?rest_route=\/wp\/v2\/types\/post"}],"author":[{"embeddable":true,"href":"http:\/\/planetesport.dz\/index.php?rest_route=\/wp\/v2\/users\/3"}],"replies":[{"embeddable":true,"href":"http:\/\/planetesport.dz\/index.php?rest_route=%2Fwp%2Fv2%2Fcomments&post=145062"}],"version-history":[{"count":1,"href":"http:\/\/planetesport.dz\/index.php?rest_route=\/wp\/v2\/posts\/145062\/revisions"}],"predecessor-version":[{"id":145141,"href":"http:\/\/planetesport.dz\/index.php?rest_route=\/wp\/v2\/posts\/145062\/revisions\/145141"}],"wp:featuredmedia":[{"embeddable":true,"href":"http:\/\/planetesport.dz\/index.php?rest_route=\/wp\/v2\/media\/145094"}],"wp:attachment":[{"href":"http:\/\/planetesport.dz\/index.php?rest_route=%2Fwp%2Fv2%2Fmedia&parent=145062"}],"wp:term":[{"taxonomy":"category","embeddable":true,"href":"http:\/\/planetesport.dz\/index.php?rest_route=%2Fwp%2Fv2%2Fcategories&post=145062"},{"taxonomy":"post_tag","embeddable":true,"href":"http:\/\/planetesport.dz\/index.php?rest_route=%2Fwp%2Fv2%2Ftags&post=145062"}],"curies":[{"name":"wp","href":"https:\/\/api.w.org\/{rel}","templated":true}]}}