{"id":144839,"date":"2026-03-11T06:03:58","date_gmt":"2026-03-11T06:03:58","guid":{"rendered":"https:\/\/planetesport.dz\/?p=144839"},"modified":"2026-03-11T06:03:58","modified_gmt":"2026-03-11T06:03:58","slug":"real-madrid-kylian-mbappe-va-mieux","status":"publish","type":"post","link":"http:\/\/planetesport.dz\/?p=144839","title":{"rendered":"Real Madrid Kylian Mbapp\u00e9 va mieux"},"content":{"rendered":"<p>Touch\u00e9 au genou, Kylian Mbapp\u00e9 manque beaucoup au Real Madrid. Encore plus en ce moment puisque les Merengues font face \u00e0 une v\u00e9ritable h\u00e9catombe avant d\u2019affronter Manchester City. Alvaro Arbeloa a d\u2019ailleurs donn\u00e9 des nouvelles du Fran\u00e7ais hier en conf\u00e9rence de presse. \u00ab \u00c7a va beaucoup mieux, on y va au jour le jour. Toute cette semaine a \u00e9t\u00e9 tr\u00e8s positive et il est revenu en pleine forme. Nous esp\u00e9rons son retour tr\u00e8s prochainement. \u00bb Voil\u00e0 une bonne nouvelle pour les pensionnaires du stade Santiago-Bernab\u00e9u et l\u2019attaquant, qui va bien mieux. Peut- on lire sur le site footmercat.net.<\/p>\n","protected":false},"excerpt":{"rendered":"<p>Touch\u00e9 au genou, Kylian Mbapp\u00e9 manque beaucoup au Real Madrid. Encore plus en ce moment puisque les Merengues font face \u00e0 une v\u00e9ritable h\u00e9catombe avant d\u2019affronter Manchester City. Alvaro Arbeloa a d\u2019ailleurs donn\u00e9 des nouvelles du Fran\u00e7ais hier en conf\u00e9rence de presse. \u00ab \u00c7a va beaucoup mieux, on y va au jour le jour. Toute &hellip;<\/p>\n","protected":false},"author":3,"featured_media":144887,"comment_status":"closed","ping_status":"closed","sticky":false,"template":"","format":"standard","meta":{"footnotes":""},"categories":[128],"tags":[],"class_list":["post-144839","post","type-post","status-publish","format-standard","has-post-thumbnail","hentry","category-football-etranger"],"_links":{"self":[{"href":"http:\/\/planetesport.dz\/index.php?rest_route=\/wp\/v2\/posts\/144839","targetHints":{"allow":["GET"]}}],"collection":[{"href":"http:\/\/planetesport.dz\/index.php?rest_route=\/wp\/v2\/posts"}],"about":[{"href":"http:\/\/planetesport.dz\/index.php?rest_route=\/wp\/v2\/types\/post"}],"author":[{"embeddable":true,"href":"http:\/\/planetesport.dz\/index.php?rest_route=\/wp\/v2\/users\/3"}],"replies":[{"embeddable":true,"href":"http:\/\/planetesport.dz\/index.php?rest_route=%2Fwp%2Fv2%2Fcomments&post=144839"}],"version-history":[{"count":1,"href":"http:\/\/planetesport.dz\/index.php?rest_route=\/wp\/v2\/posts\/144839\/revisions"}],"predecessor-version":[{"id":144948,"href":"http:\/\/planetesport.dz\/index.php?rest_route=\/wp\/v2\/posts\/144839\/revisions\/144948"}],"wp:featuredmedia":[{"embeddable":true,"href":"http:\/\/planetesport.dz\/index.php?rest_route=\/wp\/v2\/media\/144887"}],"wp:attachment":[{"href":"http:\/\/planetesport.dz\/index.php?rest_route=%2Fwp%2Fv2%2Fmedia&parent=144839"}],"wp:term":[{"taxonomy":"category","embeddable":true,"href":"http:\/\/planetesport.dz\/index.php?rest_route=%2Fwp%2Fv2%2Fcategories&post=144839"},{"taxonomy":"post_tag","embeddable":true,"href":"http:\/\/planetesport.dz\/index.php?rest_route=%2Fwp%2Fv2%2Ftags&post=144839"}],"curies":[{"name":"wp","href":"https:\/\/api.w.org\/{rel}","templated":true}]}}