{"id":144674,"date":"2026-03-10T05:51:06","date_gmt":"2026-03-10T05:51:06","guid":{"rendered":"https:\/\/planetesport.dz\/?p=144674"},"modified":"2026-03-10T05:51:06","modified_gmt":"2026-03-10T05:51:06","slug":"messi-voulait-revenir-en-2023-mais-son-pere-a-dit-que-cetait-trop-de-pression","status":"publish","type":"post","link":"http:\/\/planetesport.dz\/?p=144674","title":{"rendered":"\u00ab Messi voulait revenir en 2023, mais son p\u00e8re a dit que c\u2019\u00e9tait trop de pression \u00bb"},"content":{"rendered":"<p><strong>Lors d\u2019un d\u00e9bat pour l\u2019\u00e9lection pr\u00e9sidentielle, le pr\u00e9sident du FC Barcelone, Joan Laporta, a \u00e9voqu\u00e9 les projets du club concernant Lionel Messi et a abord\u00e9 les dynamiques internes impliquant Xavi Hern\u00e1ndez et Hansi Flick.<\/strong><\/p>\n<p>Laporta a r\u00e9v\u00e9l\u00e9 que le club pr\u00e9voit d\u2019honorer Messi une fois le nouveau stade termin\u00e9 : \u00ab Nous proposons de lui \u00e9riger une statue et d\u2019organiser un match hommage lorsque le stade sera termin\u00e9 \u00bb. Il a \u00e9galement insist\u00e9 sur la continuit\u00e9 du projet sportif actuel, avec Flick comme entra\u00eeneur et Deco \u00e0 la direction sportive, qu\u2019il consid\u00e8re comme un mod\u00e8le qui fonctionne bien : \u00ab Cela fonctionne tr\u00e8s bien, et ce serait bien que cela continue. Si Font arrive, ce sera le principal probl\u00e8me pour que ce projet continue. Flick a dit que sans Deco, il ne voulait pas continuer \u00bb. Laporta a aussi comment\u00e9 le passage de Xavi sur le banc et son r\u00f4le dans un possible retour de Messi : \u00ab Xavi dit qu\u2019il s\u2019est rel\u00e2ch\u00e9 et qu\u2019il ne pouvait pas concilier sa vie professionnelle avec sa famille ; il a aussi dit qu\u2019il ne pourrait pas rivaliser avec le Real Madrid pendant des ann\u00e9es. Deco m\u2019a dit que Xavi avait demand\u00e9 des changements concernant des joueurs cl\u00e9s. Il \u00e9tait constamment insatisfait de l\u2019effectif et des arbitres. Il disait aussi \u00e0 son staff que l\u2019\u00e9quipe n\u2019\u00e9tait pas comp\u00e9titive \u00bb. Concernant le contrat de Messi et un \u00e9ventuel retour, Laporta a expliqu\u00e9 les discussions qui ont eu lieu en 2023 : \u00ab Quand le contrat de Messi n\u2019a pas pu \u00eatre renouvel\u00e9 pour des raisons financi\u00e8res, Xavi est venu me voir en 2023, vers la mi-mars, en disant qu\u2019il voulait revenir. Jorge Messi m\u2019a dit en mai qu\u2019il y aurait trop de pression et qu\u2019ils pr\u00e9f\u00e9raient aller \u00e0 Miami \u00bb. Peut-on lire sur le site tribuna.com.<\/p>\n","protected":false},"excerpt":{"rendered":"<p>Lors d\u2019un d\u00e9bat pour l\u2019\u00e9lection pr\u00e9sidentielle, le pr\u00e9sident du FC Barcelone, Joan Laporta, a \u00e9voqu\u00e9 les projets du club concernant Lionel Messi et a abord\u00e9 les dynamiques internes impliquant Xavi Hern\u00e1ndez et Hansi Flick. Laporta a r\u00e9v\u00e9l\u00e9 que le club pr\u00e9voit d\u2019honorer Messi une fois le nouveau stade termin\u00e9 : \u00ab Nous proposons de lui &hellip;<\/p>\n","protected":false},"author":3,"featured_media":144726,"comment_status":"closed","ping_status":"closed","sticky":false,"template":"","format":"standard","meta":{"footnotes":""},"categories":[128],"tags":[],"class_list":["post-144674","post","type-post","status-publish","format-standard","has-post-thumbnail","hentry","category-football-etranger"],"_links":{"self":[{"href":"http:\/\/planetesport.dz\/index.php?rest_route=\/wp\/v2\/posts\/144674","targetHints":{"allow":["GET"]}}],"collection":[{"href":"http:\/\/planetesport.dz\/index.php?rest_route=\/wp\/v2\/posts"}],"about":[{"href":"http:\/\/planetesport.dz\/index.php?rest_route=\/wp\/v2\/types\/post"}],"author":[{"embeddable":true,"href":"http:\/\/planetesport.dz\/index.php?rest_route=\/wp\/v2\/users\/3"}],"replies":[{"embeddable":true,"href":"http:\/\/planetesport.dz\/index.php?rest_route=%2Fwp%2Fv2%2Fcomments&post=144674"}],"version-history":[{"count":1,"href":"http:\/\/planetesport.dz\/index.php?rest_route=\/wp\/v2\/posts\/144674\/revisions"}],"predecessor-version":[{"id":144792,"href":"http:\/\/planetesport.dz\/index.php?rest_route=\/wp\/v2\/posts\/144674\/revisions\/144792"}],"wp:featuredmedia":[{"embeddable":true,"href":"http:\/\/planetesport.dz\/index.php?rest_route=\/wp\/v2\/media\/144726"}],"wp:attachment":[{"href":"http:\/\/planetesport.dz\/index.php?rest_route=%2Fwp%2Fv2%2Fmedia&parent=144674"}],"wp:term":[{"taxonomy":"category","embeddable":true,"href":"http:\/\/planetesport.dz\/index.php?rest_route=%2Fwp%2Fv2%2Fcategories&post=144674"},{"taxonomy":"post_tag","embeddable":true,"href":"http:\/\/planetesport.dz\/index.php?rest_route=%2Fwp%2Fv2%2Ftags&post=144674"}],"curies":[{"name":"wp","href":"https:\/\/api.w.org\/{rel}","templated":true}]}}