{"id":144659,"date":"2026-03-10T04:56:44","date_gmt":"2026-03-10T04:56:44","guid":{"rendered":"https:\/\/planetesport.dz\/?p=144659"},"modified":"2026-03-10T04:56:44","modified_gmt":"2026-03-10T04:56:44","slug":"kipre-jr-devait-reintegrer-hier-le-groupe","status":"publish","type":"post","link":"http:\/\/planetesport.dz\/?p=144659","title":{"rendered":"Kipr\u00e9 Jr devait r\u00e9int\u00e9grer hier le groupe"},"content":{"rendered":"<p>Mis \u00e0 l\u2019\u00e9cart par Mokwena par mesure disciplinaire, Zunon Kipr\u00e9 Jr devait r\u00e9int\u00e9grer hier soir le groupe. Non retenu pour le match contre l\u2019ESM, l\u2019attaquant ivoirien a tout int\u00e9r\u00eat \u00e0 faire le n\u00e9cessaire pour rectifier le tir et pouvoir ainsi prendre part au match derby contre le Paradou. C\u2019est avec cet \u00e9tat d\u2019esprit que Kipr\u00e9 Jr doit aborder cette s\u00e9ance d\u2019entra\u00eenement probablement en pr\u00e9sence de Hakim Hadj Redjem.<\/p>\n","protected":false},"excerpt":{"rendered":"<p>Mis \u00e0 l\u2019\u00e9cart par Mokwena par mesure disciplinaire, Zunon Kipr\u00e9 Jr devait r\u00e9int\u00e9grer hier soir le groupe. Non retenu pour le match contre l\u2019ESM, l\u2019attaquant ivoirien a tout int\u00e9r\u00eat \u00e0 faire le n\u00e9cessaire pour rectifier le tir et pouvoir ainsi prendre part au match derby contre le Paradou. C\u2019est avec cet \u00e9tat d\u2019esprit que Kipr\u00e9 &hellip;<\/p>\n","protected":false},"author":3,"featured_media":144713,"comment_status":"closed","ping_status":"closed","sticky":false,"template":"","format":"standard","meta":{"footnotes":""},"categories":[127],"tags":[],"class_list":["post-144659","post","type-post","status-publish","format-standard","has-post-thumbnail","hentry","category-football-algerien"],"_links":{"self":[{"href":"http:\/\/planetesport.dz\/index.php?rest_route=\/wp\/v2\/posts\/144659","targetHints":{"allow":["GET"]}}],"collection":[{"href":"http:\/\/planetesport.dz\/index.php?rest_route=\/wp\/v2\/posts"}],"about":[{"href":"http:\/\/planetesport.dz\/index.php?rest_route=\/wp\/v2\/types\/post"}],"author":[{"embeddable":true,"href":"http:\/\/planetesport.dz\/index.php?rest_route=\/wp\/v2\/users\/3"}],"replies":[{"embeddable":true,"href":"http:\/\/planetesport.dz\/index.php?rest_route=%2Fwp%2Fv2%2Fcomments&post=144659"}],"version-history":[{"count":1,"href":"http:\/\/planetesport.dz\/index.php?rest_route=\/wp\/v2\/posts\/144659\/revisions"}],"predecessor-version":[{"id":144775,"href":"http:\/\/planetesport.dz\/index.php?rest_route=\/wp\/v2\/posts\/144659\/revisions\/144775"}],"wp:featuredmedia":[{"embeddable":true,"href":"http:\/\/planetesport.dz\/index.php?rest_route=\/wp\/v2\/media\/144713"}],"wp:attachment":[{"href":"http:\/\/planetesport.dz\/index.php?rest_route=%2Fwp%2Fv2%2Fmedia&parent=144659"}],"wp:term":[{"taxonomy":"category","embeddable":true,"href":"http:\/\/planetesport.dz\/index.php?rest_route=%2Fwp%2Fv2%2Fcategories&post=144659"},{"taxonomy":"post_tag","embeddable":true,"href":"http:\/\/planetesport.dz\/index.php?rest_route=%2Fwp%2Fv2%2Ftags&post=144659"}],"curies":[{"name":"wp","href":"https:\/\/api.w.org\/{rel}","templated":true}]}}