{"id":144551,"date":"2026-03-09T05:56:35","date_gmt":"2026-03-09T05:56:35","guid":{"rendered":"https:\/\/planetesport.dz\/?p=144551"},"modified":"2026-03-09T05:56:35","modified_gmt":"2026-03-09T05:56:35","slug":"che-malone-et-dehiri-menages-une-premiere-pour-azzi","status":"publish","type":"post","link":"http:\/\/planetesport.dz\/?p=144551","title":{"rendered":"Che Malone et Dehiri m\u00e9nag\u00e9s, une premi\u00e8re pour Azzi"},"content":{"rendered":"<p>Dans le secteur d\u00e9fensif, Lamine N\u2019Diaye a choisi de laisser souffler deux titulaires habituels. Che Malone n\u2019a pas \u00e9t\u00e9 align\u00e9 d\u2019entr\u00e9e, Imadeddine Azzi prenant sa place dans l\u2019axe de la d\u00e9fense et f\u00eatant par la m\u00eame occasion sa premi\u00e8re titularisation depuis son retour au club lors du dernier mercato. Sur le c\u00f4t\u00e9 gauche, Hocine Dehiri a \u00e9galement \u00e9t\u00e9 pr\u00e9serv\u00e9, Haithem Loucif lui \u00e9tant pr\u00e9f\u00e9r\u00e9 dans le couloir. Ce choix s\u2019inscrit dans une logique bien pr\u00e9cise : Azzi et Abada, tous deux non qualifi\u00e9s pour la Coupe de la CAF, ont permis \u00e0 Che Malone et Dehiri de r\u00e9cup\u00e9rer avant le voyage en RD Congo, o\u00f9 les Usmistes affronteront l\u2019AS Union Maniema dimanche prochain.<\/p>\n<p>&nbsp;<\/p>\n","protected":false},"excerpt":{"rendered":"<p>Dans le secteur d\u00e9fensif, Lamine N\u2019Diaye a choisi de laisser souffler deux titulaires habituels. Che Malone n\u2019a pas \u00e9t\u00e9 align\u00e9 d\u2019entr\u00e9e, Imadeddine Azzi prenant sa place dans l\u2019axe de la d\u00e9fense et f\u00eatant par la m\u00eame occasion sa premi\u00e8re titularisation depuis son retour au club lors du dernier mercato. Sur le c\u00f4t\u00e9 gauche, Hocine Dehiri &hellip;<\/p>\n","protected":false},"author":3,"featured_media":0,"comment_status":"closed","ping_status":"closed","sticky":false,"template":"","format":"standard","meta":{"footnotes":""},"categories":[127],"tags":[],"class_list":["post-144551","post","type-post","status-publish","format-standard","hentry","category-football-algerien"],"_links":{"self":[{"href":"http:\/\/planetesport.dz\/index.php?rest_route=\/wp\/v2\/posts\/144551","targetHints":{"allow":["GET"]}}],"collection":[{"href":"http:\/\/planetesport.dz\/index.php?rest_route=\/wp\/v2\/posts"}],"about":[{"href":"http:\/\/planetesport.dz\/index.php?rest_route=\/wp\/v2\/types\/post"}],"author":[{"embeddable":true,"href":"http:\/\/planetesport.dz\/index.php?rest_route=\/wp\/v2\/users\/3"}],"replies":[{"embeddable":true,"href":"http:\/\/planetesport.dz\/index.php?rest_route=%2Fwp%2Fv2%2Fcomments&post=144551"}],"version-history":[{"count":1,"href":"http:\/\/planetesport.dz\/index.php?rest_route=\/wp\/v2\/posts\/144551\/revisions"}],"predecessor-version":[{"id":144612,"href":"http:\/\/planetesport.dz\/index.php?rest_route=\/wp\/v2\/posts\/144551\/revisions\/144612"}],"wp:attachment":[{"href":"http:\/\/planetesport.dz\/index.php?rest_route=%2Fwp%2Fv2%2Fmedia&parent=144551"}],"wp:term":[{"taxonomy":"category","embeddable":true,"href":"http:\/\/planetesport.dz\/index.php?rest_route=%2Fwp%2Fv2%2Fcategories&post=144551"},{"taxonomy":"post_tag","embeddable":true,"href":"http:\/\/planetesport.dz\/index.php?rest_route=%2Fwp%2Fv2%2Ftags&post=144551"}],"curies":[{"name":"wp","href":"https:\/\/api.w.org\/{rel}","templated":true}]}}