{"id":144473,"date":"2026-03-09T05:55:34","date_gmt":"2026-03-09T05:55:34","guid":{"rendered":"https:\/\/planetesport.dz\/?p=144473"},"modified":"2026-03-09T05:55:34","modified_gmt":"2026-03-09T05:55:34","slug":"kipre-jr-a-ete-mis-a-lindex","status":"publish","type":"post","link":"http:\/\/planetesport.dz\/?p=144473","title":{"rendered":"Kipr\u00e9 Jr a \u00e9t\u00e9 mis \u00e0 l\u2019index"},"content":{"rendered":"<p>Tous les supporters s\u2019interrogeaient sur l\u2019absence de Zunon Kipr\u00e9 Jr lequel n\u2019a pas \u00e9t\u00e9 retenu pour le match contre l\u2019ESM. L\u2019explication tombera juste apr\u00e8s la fin de la rencontre avec cette sanction disciplinaire qui expliquerait la d\u00e9fection du joueur ivoirien. Mokwena confirmera qu\u2019il n\u2019a pas convoqu\u00e9 le joueur ivoirien pour des choix purement tactiques.<\/p>\n<p style=\"text-align: right\">\n<strong>N. L.<\/strong><\/p>\n","protected":false},"excerpt":{"rendered":"<p>Tous les supporters s\u2019interrogeaient sur l\u2019absence de Zunon Kipr\u00e9 Jr lequel n\u2019a pas \u00e9t\u00e9 retenu pour le match contre l\u2019ESM. L\u2019explication tombera juste apr\u00e8s la fin de la rencontre avec cette sanction disciplinaire qui expliquerait la d\u00e9fection du joueur ivoirien. Mokwena confirmera qu\u2019il n\u2019a pas convoqu\u00e9 le joueur ivoirien pour des choix purement tactiques. N. &hellip;<\/p>\n","protected":false},"author":3,"featured_media":144527,"comment_status":"closed","ping_status":"closed","sticky":false,"template":"","format":"standard","meta":{"footnotes":""},"categories":[127],"tags":[],"class_list":["post-144473","post","type-post","status-publish","format-standard","has-post-thumbnail","hentry","category-football-algerien"],"_links":{"self":[{"href":"http:\/\/planetesport.dz\/index.php?rest_route=\/wp\/v2\/posts\/144473","targetHints":{"allow":["GET"]}}],"collection":[{"href":"http:\/\/planetesport.dz\/index.php?rest_route=\/wp\/v2\/posts"}],"about":[{"href":"http:\/\/planetesport.dz\/index.php?rest_route=\/wp\/v2\/types\/post"}],"author":[{"embeddable":true,"href":"http:\/\/planetesport.dz\/index.php?rest_route=\/wp\/v2\/users\/3"}],"replies":[{"embeddable":true,"href":"http:\/\/planetesport.dz\/index.php?rest_route=%2Fwp%2Fv2%2Fcomments&post=144473"}],"version-history":[{"count":1,"href":"http:\/\/planetesport.dz\/index.php?rest_route=\/wp\/v2\/posts\/144473\/revisions"}],"predecessor-version":[{"id":144606,"href":"http:\/\/planetesport.dz\/index.php?rest_route=\/wp\/v2\/posts\/144473\/revisions\/144606"}],"wp:featuredmedia":[{"embeddable":true,"href":"http:\/\/planetesport.dz\/index.php?rest_route=\/wp\/v2\/media\/144527"}],"wp:attachment":[{"href":"http:\/\/planetesport.dz\/index.php?rest_route=%2Fwp%2Fv2%2Fmedia&parent=144473"}],"wp:term":[{"taxonomy":"category","embeddable":true,"href":"http:\/\/planetesport.dz\/index.php?rest_route=%2Fwp%2Fv2%2Fcategories&post=144473"},{"taxonomy":"post_tag","embeddable":true,"href":"http:\/\/planetesport.dz\/index.php?rest_route=%2Fwp%2Fv2%2Ftags&post=144473"}],"curies":[{"name":"wp","href":"https:\/\/api.w.org\/{rel}","templated":true}]}}