{"id":144406,"date":"2026-03-08T06:03:33","date_gmt":"2026-03-08T06:03:33","guid":{"rendered":"https:\/\/planetesport.dz\/?p=144406"},"modified":"2026-03-08T06:03:33","modified_gmt":"2026-03-08T06:03:33","slug":"bernardo-silva-quittera-manchester-city-libre-cet-ete","status":"publish","type":"post","link":"http:\/\/planetesport.dz\/?p=144406","title":{"rendered":"Bernardo Silva quittera Manchester City libre cet \u00e9t\u00e9"},"content":{"rendered":"<p>Bernardo Silva devrait quitter Manchester City en juin prochain, alors qu\u2019aucune discussion pour une prolongation de contrat n\u2019est actuellement en cours. Bernardo avait \u00e9t\u00e9 nomm\u00e9 capitaine du club par Pep Guardiola l\u2019\u00e9t\u00e9 dernier, suite aux d\u00e9parts de Kyle Walker et Kevin De Bruyne, dans le cadre d\u2019un vaste remaniement de l\u2019\u00e9quipe premi\u00e8re pilot\u00e9 par le directeur sportif Hugo Viana. Depuis son arriv\u00e9e en provenance de l\u2019AS Monaco en 2017 pour 50 millions d\u2019euros, l\u2019international portugais a \u00e9t\u00e9 un \u00e9l\u00e9ment incontournable du succ\u00e8s des Skyblues. Il a aid\u00e9 le club \u00e0 remporter six titres de Premier League ainsi que sa toute premi\u00e8re Ligue des champions de l\u2019UEFA, r\u00e9alisant un tripl\u00e9 historique, en plus de nombreux troph\u00e9es nationaux, europ\u00e9ens et mondiaux. Avec la fin imminente de son contrat, Silva devrait susciter l\u2019int\u00e9r\u00eat de plusieurs grands clubs europ\u00e9ens, marquant ainsi la fin d&rsquo;une \u00e8re remarquable \u00e0 l\u2019Etihad Stadium. Rapporte le site tribuna.com.<\/p>\n","protected":false},"excerpt":{"rendered":"<p>Bernardo Silva devrait quitter Manchester City en juin prochain, alors qu\u2019aucune discussion pour une prolongation de contrat n\u2019est actuellement en cours. Bernardo avait \u00e9t\u00e9 nomm\u00e9 capitaine du club par Pep Guardiola l\u2019\u00e9t\u00e9 dernier, suite aux d\u00e9parts de Kyle Walker et Kevin De Bruyne, dans le cadre d\u2019un vaste remaniement de l\u2019\u00e9quipe premi\u00e8re pilot\u00e9 par le &hellip;<\/p>\n","protected":false},"author":3,"featured_media":144421,"comment_status":"closed","ping_status":"closed","sticky":false,"template":"","format":"standard","meta":{"footnotes":""},"categories":[128],"tags":[],"class_list":["post-144406","post","type-post","status-publish","format-standard","has-post-thumbnail","hentry","category-football-etranger"],"_links":{"self":[{"href":"http:\/\/planetesport.dz\/index.php?rest_route=\/wp\/v2\/posts\/144406","targetHints":{"allow":["GET"]}}],"collection":[{"href":"http:\/\/planetesport.dz\/index.php?rest_route=\/wp\/v2\/posts"}],"about":[{"href":"http:\/\/planetesport.dz\/index.php?rest_route=\/wp\/v2\/types\/post"}],"author":[{"embeddable":true,"href":"http:\/\/planetesport.dz\/index.php?rest_route=\/wp\/v2\/users\/3"}],"replies":[{"embeddable":true,"href":"http:\/\/planetesport.dz\/index.php?rest_route=%2Fwp%2Fv2%2Fcomments&post=144406"}],"version-history":[{"count":1,"href":"http:\/\/planetesport.dz\/index.php?rest_route=\/wp\/v2\/posts\/144406\/revisions"}],"predecessor-version":[{"id":144430,"href":"http:\/\/planetesport.dz\/index.php?rest_route=\/wp\/v2\/posts\/144406\/revisions\/144430"}],"wp:featuredmedia":[{"embeddable":true,"href":"http:\/\/planetesport.dz\/index.php?rest_route=\/wp\/v2\/media\/144421"}],"wp:attachment":[{"href":"http:\/\/planetesport.dz\/index.php?rest_route=%2Fwp%2Fv2%2Fmedia&parent=144406"}],"wp:term":[{"taxonomy":"category","embeddable":true,"href":"http:\/\/planetesport.dz\/index.php?rest_route=%2Fwp%2Fv2%2Fcategories&post=144406"},{"taxonomy":"post_tag","embeddable":true,"href":"http:\/\/planetesport.dz\/index.php?rest_route=%2Fwp%2Fv2%2Ftags&post=144406"}],"curies":[{"name":"wp","href":"https:\/\/api.w.org\/{rel}","templated":true}]}}