{"id":144405,"date":"2026-03-08T06:03:32","date_gmt":"2026-03-08T06:03:32","guid":{"rendered":"https:\/\/planetesport.dz\/?p=144405"},"modified":"2026-03-08T06:03:32","modified_gmt":"2026-03-08T06:03:32","slug":"bayern-munich-encore-une-inquietude-pour-manuel-neuer","status":"publish","type":"post","link":"http:\/\/planetesport.dz\/?p=144405","title":{"rendered":"Bayern Munich encore une inqui\u00e9tude pour Manuel Neuer"},"content":{"rendered":"<p>Manuel Neuer a de nouveau inqui\u00e9t\u00e9 le Bayern Munich lors de la victoire contre Gladbach (4-1). De retour apr\u00e8s deux matches manqu\u00e9s \u00e0 cause d\u2019une blessure \u00e0 la jambe, le gardien l\u00e9gendaire a \u00e9t\u00e9 contraint de quitter le terrain d\u00e8s la mi-temps, laissant Jonas Urbig prendre sa place. La blessure semble toucher \u00e0 nouveau la m\u00eame jambe, la gauche, qui avait d\u00e9j\u00e0 pos\u00e9 probl\u00e8me lors de la victoire \u00e0 Bremen d\u2019apr\u00e8s Bild. Apr\u00e8s le match, le directeur sportif Max Eberl a confirm\u00e9 la vigilance du club : \u00ab La jambe gauche\u2026 nous devons voir ce que c\u2019est. Peut-\u00eatre juste une contracture. \u00bb Malgr\u00e9 cette inqui\u00e9tude autour de Neuer, les Bavarois ont assur\u00e9 offensivement gr\u00e2ce \u00e0 Luis Diaz, impliqu\u00e9 sur les deux premiers buts et auteur d\u2019une prestation remarquable. Peut-on lire sur le site footmercato.com.<\/p>\n","protected":false},"excerpt":{"rendered":"<p>Manuel Neuer a de nouveau inqui\u00e9t\u00e9 le Bayern Munich lors de la victoire contre Gladbach (4-1). De retour apr\u00e8s deux matches manqu\u00e9s \u00e0 cause d\u2019une blessure \u00e0 la jambe, le gardien l\u00e9gendaire a \u00e9t\u00e9 contraint de quitter le terrain d\u00e8s la mi-temps, laissant Jonas Urbig prendre sa place. La blessure semble toucher \u00e0 nouveau la &hellip;<\/p>\n","protected":false},"author":3,"featured_media":144423,"comment_status":"closed","ping_status":"closed","sticky":false,"template":"","format":"standard","meta":{"footnotes":""},"categories":[128],"tags":[],"class_list":["post-144405","post","type-post","status-publish","format-standard","has-post-thumbnail","hentry","category-football-etranger"],"_links":{"self":[{"href":"http:\/\/planetesport.dz\/index.php?rest_route=\/wp\/v2\/posts\/144405","targetHints":{"allow":["GET"]}}],"collection":[{"href":"http:\/\/planetesport.dz\/index.php?rest_route=\/wp\/v2\/posts"}],"about":[{"href":"http:\/\/planetesport.dz\/index.php?rest_route=\/wp\/v2\/types\/post"}],"author":[{"embeddable":true,"href":"http:\/\/planetesport.dz\/index.php?rest_route=\/wp\/v2\/users\/3"}],"replies":[{"embeddable":true,"href":"http:\/\/planetesport.dz\/index.php?rest_route=%2Fwp%2Fv2%2Fcomments&post=144405"}],"version-history":[{"count":1,"href":"http:\/\/planetesport.dz\/index.php?rest_route=\/wp\/v2\/posts\/144405\/revisions"}],"predecessor-version":[{"id":144429,"href":"http:\/\/planetesport.dz\/index.php?rest_route=\/wp\/v2\/posts\/144405\/revisions\/144429"}],"wp:featuredmedia":[{"embeddable":true,"href":"http:\/\/planetesport.dz\/index.php?rest_route=\/wp\/v2\/media\/144423"}],"wp:attachment":[{"href":"http:\/\/planetesport.dz\/index.php?rest_route=%2Fwp%2Fv2%2Fmedia&parent=144405"}],"wp:term":[{"taxonomy":"category","embeddable":true,"href":"http:\/\/planetesport.dz\/index.php?rest_route=%2Fwp%2Fv2%2Fcategories&post=144405"},{"taxonomy":"post_tag","embeddable":true,"href":"http:\/\/planetesport.dz\/index.php?rest_route=%2Fwp%2Fv2%2Ftags&post=144405"}],"curies":[{"name":"wp","href":"https:\/\/api.w.org\/{rel}","templated":true}]}}