{"id":144401,"date":"2026-03-08T06:03:34","date_gmt":"2026-03-08T06:03:34","guid":{"rendered":"https:\/\/planetesport.dz\/?p=144401"},"modified":"2026-03-08T06:03:34","modified_gmt":"2026-03-08T06:03:34","slug":"un-grand-menage-a-lom","status":"publish","type":"post","link":"http:\/\/planetesport.dz\/?p=144401","title":{"rendered":"Un grand m\u00e9nage \u00e0 l\u2019OM"},"content":{"rendered":"<p>L\u2019avenir de plusieurs joueurs reste incertain \u00e0 l\u2019Olympique de Marseille, o\u00f9 plusieurs situations contractuelles alimentent d\u00e9j\u00e0 les sp\u00e9culations pour l\u2019intersaison. Selon L\u2019\u00c9quipe, plusieurs cadres de l\u2019effectif pourraient se retrouver au c\u0153ur des discussions lors du prochain mercato estival, entre d\u00e9parts envisag\u00e9s, fins de contrat et interrogations strat\u00e9giques pour la direction phoc\u00e9enne. Certains cas apparaissent d\u00e9j\u00e0 assez clairs. Le milieu Bilal Nadir, en fin de contrat en juin, ne semble pas parti pour prolonger et devrait quitter le club libre \u00e0 l\u2019issue de la saison. Dans un registre diff\u00e9rent, le gardien Geronimo Rulli et le milieu Geoffrey Kondogbia, tous deux li\u00e9s \u00e0 l\u2019OM jusqu\u2019en juin 2027, n\u2019ont entam\u00e9 aucune discussion pour une prolongation. Si la situation reste inchang\u00e9e, une vente cet \u00e9t\u00e9 pourrait \u00eatre envisag\u00e9e afin d\u2019\u00e9viter de les voir entrer dans leur derni\u00e8re ann\u00e9e de contrat l\u2019an prochain. Le flou concerne aussi plusieurs joueurs majeurs de l\u2019effectif. Toujours selon L\u2019\u00c9quipe, le milieu Pierre-Emile H\u00f8jbjerg, l\u2019ailier Mason Greenwood et l\u2019attaquant Pierre-Emerick Aubameyang pourraient \u00e9galement s\u2019interroger sur leur avenir et pencheraient vers un d\u00e9part \u00e0 l\u2019issue de la saison. Dans le m\u00eame temps, certains \u00e9l\u00e9ments pr\u00eat\u00e9s comme Pavard, Vermeeren ou Nwaneri devraient repartir \u00e0 l\u2019issue de leur passage. Autant de dossiers qui pourraient animer le mercato estival pour un OM appel\u00e9 \u00e0 trancher sur plusieurs situations importantes. Peut-on lire sur le site maxifoot.fr.<\/p>\n","protected":false},"excerpt":{"rendered":"<p>L\u2019avenir de plusieurs joueurs reste incertain \u00e0 l\u2019Olympique de Marseille, o\u00f9 plusieurs situations contractuelles alimentent d\u00e9j\u00e0 les sp\u00e9culations pour l\u2019intersaison. Selon L\u2019\u00c9quipe, plusieurs cadres de l\u2019effectif pourraient se retrouver au c\u0153ur des discussions lors du prochain mercato estival, entre d\u00e9parts envisag\u00e9s, fins de contrat et interrogations strat\u00e9giques pour la direction phoc\u00e9enne. Certains cas apparaissent d\u00e9j\u00e0 &hellip;<\/p>\n","protected":false},"author":3,"featured_media":144426,"comment_status":"closed","ping_status":"closed","sticky":false,"template":"","format":"standard","meta":{"footnotes":""},"categories":[128],"tags":[],"class_list":["post-144401","post","type-post","status-publish","format-standard","has-post-thumbnail","hentry","category-football-etranger"],"_links":{"self":[{"href":"http:\/\/planetesport.dz\/index.php?rest_route=\/wp\/v2\/posts\/144401","targetHints":{"allow":["GET"]}}],"collection":[{"href":"http:\/\/planetesport.dz\/index.php?rest_route=\/wp\/v2\/posts"}],"about":[{"href":"http:\/\/planetesport.dz\/index.php?rest_route=\/wp\/v2\/types\/post"}],"author":[{"embeddable":true,"href":"http:\/\/planetesport.dz\/index.php?rest_route=\/wp\/v2\/users\/3"}],"replies":[{"embeddable":true,"href":"http:\/\/planetesport.dz\/index.php?rest_route=%2Fwp%2Fv2%2Fcomments&post=144401"}],"version-history":[{"count":1,"href":"http:\/\/planetesport.dz\/index.php?rest_route=\/wp\/v2\/posts\/144401\/revisions"}],"predecessor-version":[{"id":144431,"href":"http:\/\/planetesport.dz\/index.php?rest_route=\/wp\/v2\/posts\/144401\/revisions\/144431"}],"wp:featuredmedia":[{"embeddable":true,"href":"http:\/\/planetesport.dz\/index.php?rest_route=\/wp\/v2\/media\/144426"}],"wp:attachment":[{"href":"http:\/\/planetesport.dz\/index.php?rest_route=%2Fwp%2Fv2%2Fmedia&parent=144401"}],"wp:term":[{"taxonomy":"category","embeddable":true,"href":"http:\/\/planetesport.dz\/index.php?rest_route=%2Fwp%2Fv2%2Fcategories&post=144401"},{"taxonomy":"post_tag","embeddable":true,"href":"http:\/\/planetesport.dz\/index.php?rest_route=%2Fwp%2Fv2%2Ftags&post=144401"}],"curies":[{"name":"wp","href":"https:\/\/api.w.org\/{rel}","templated":true}]}}