{"id":144271,"date":"2026-03-08T06:07:08","date_gmt":"2026-03-08T06:07:08","guid":{"rendered":"https:\/\/planetesport.dz\/?p=144271"},"modified":"2026-03-08T06:07:08","modified_gmt":"2026-03-08T06:07:08","slug":"sortie-prematuree-pour-amina-belkadi-et-driss-messaoud","status":"publish","type":"post","link":"http:\/\/planetesport.dz\/?p=144271","title":{"rendered":"Sortie pr\u00e9matur\u00e9e pour Amina Belkadi et Driss Messaoud"},"content":{"rendered":"<div><strong>L\u2019aventure autrichienne n\u2019aura pas dur\u00e9 longtemps pour les judokas alg\u00e9riens engag\u00e9s au Grand Chelem d\u2019Autriche, dont les \u00e9preuves ont d\u00e9but\u00e9 vendredi et s\u2019ach\u00e8vent ce soir. Sur les tatamis, Amina Belkadi et Driss Messaoud ont vu leur parcours s\u2019interrompre plus t\u00f4t que pr\u00e9vu, quittant la comp\u00e9tition d\u00e8s leurs premiers tours.<\/strong><\/div>\n<div><\/div>\n<div>Dans la cat\u00e9gorie des -63 kg, Amina Belkadi a \u00e9t\u00e9 stopp\u00e9e en huiti\u00e8mes de finale par la Croate Nina Kvitko. La judokate alg\u00e9rienne s\u2019est inclin\u00e9e par hansoku-make (disqualification), apr\u00e8s avoir \u00e9cop\u00e9 de trois p\u00e9nalit\u00e9s pour passivit\u00e9, mettant ainsi fin \u00e0 ses espoirs de poursuivre l\u2019aventure. Le sc\u00e9nario a \u00e9t\u00e9 similaire pour Driss Messaoud (-73 kg). Oppos\u00e9 au redoutable G\u00e9orgien Lasha Shavdatuashvili, l\u2019Alg\u00e9rien a \u00e9t\u00e9 \u00e9limin\u00e9 d\u00e8s les 32es de finale, les deux athl\u00e8tes recevant une disqualification pour accumulation d\u2019avertissements li\u00e9s au jeu passif.<\/div>\n<div><\/div>\n<div>Il faut dire que Messaoud avait face \u00e0 lui une v\u00e9ritable l\u00e9gende du judo mondial. Shavdatuashvili, champion olympique \u00e0 Londres 2012 et m\u00e9daill\u00e9 d\u2019argent aux JO de Tokyo 2020, poss\u00e8de un palmar\u00e8s impressionnant. Ancien champion du monde, le G\u00e9orgien totalise 29 m\u00e9dailles dans les tournois du circuit Grand Chelem et Grand Prix, dont 10 en or. \u00c0 l\u2019inverse, Driss Messaoud retrouvait la sc\u00e8ne internationale apr\u00e8s plus de deux ans d\u2019absence, ce qui rendait la t\u00e2che d\u2019autant plus d\u00e9licate.<\/div>\n<div><\/div>\n<div>Malgr\u00e9 ces \u00e9liminations pr\u00e9coces, la comp\u00e9tition se poursuit pour la d\u00e9l\u00e9gation alg\u00e9rienne, qui esp\u00e8re rebondir \u00e0 travers ses autres repr\u00e9sentants et engranger de pr\u00e9cieux points au classement mondial, dans un tournoi qui rassemble l\u2019\u00e9lite du judo international. Le calendrier reste d\u2019ailleurs charg\u00e9 pour les Alg\u00e9riens. D\u00e8s la fin de ce rendez-vous autrichien, ils encha\u00eeneront avec un stage de pr\u00e9paration en R\u00e9publique tch\u00e8que, pr\u00e9vu du 10 au 17 mars. Une \u00e9tape importante pour peaufiner les aspects tactiques et physiques en vue des prochaines \u00e9ch\u00e9ances du circuit Grand Chelem, qui s\u2019annoncent particuli\u00e8rement relev\u00e9es.<\/div>\n<div><\/div>\n<div style=\"text-align: right\"><strong>N. E.<\/strong><\/div>\n","protected":false},"excerpt":{"rendered":"<p>L\u2019aventure autrichienne n\u2019aura pas dur\u00e9 longtemps pour les judokas alg\u00e9riens engag\u00e9s au Grand Chelem d\u2019Autriche, dont les \u00e9preuves ont d\u00e9but\u00e9 vendredi et s\u2019ach\u00e8vent ce soir. Sur les tatamis, Amina Belkadi et Driss Messaoud ont vu leur parcours s\u2019interrompre plus t\u00f4t que pr\u00e9vu, quittant la comp\u00e9tition d\u00e8s leurs premiers tours. Dans la cat\u00e9gorie des -63 kg, &hellip;<\/p>\n","protected":false},"author":3,"featured_media":144332,"comment_status":"closed","ping_status":"closed","sticky":false,"template":"","format":"standard","meta":{"footnotes":""},"categories":[162,129],"tags":[],"class_list":["post-144271","post","type-post","status-publish","format-standard","has-post-thumbnail","hentry","category-judo","category-omnisport"],"_links":{"self":[{"href":"http:\/\/planetesport.dz\/index.php?rest_route=\/wp\/v2\/posts\/144271","targetHints":{"allow":["GET"]}}],"collection":[{"href":"http:\/\/planetesport.dz\/index.php?rest_route=\/wp\/v2\/posts"}],"about":[{"href":"http:\/\/planetesport.dz\/index.php?rest_route=\/wp\/v2\/types\/post"}],"author":[{"embeddable":true,"href":"http:\/\/planetesport.dz\/index.php?rest_route=\/wp\/v2\/users\/3"}],"replies":[{"embeddable":true,"href":"http:\/\/planetesport.dz\/index.php?rest_route=%2Fwp%2Fv2%2Fcomments&post=144271"}],"version-history":[{"count":1,"href":"http:\/\/planetesport.dz\/index.php?rest_route=\/wp\/v2\/posts\/144271\/revisions"}],"predecessor-version":[{"id":144439,"href":"http:\/\/planetesport.dz\/index.php?rest_route=\/wp\/v2\/posts\/144271\/revisions\/144439"}],"wp:featuredmedia":[{"embeddable":true,"href":"http:\/\/planetesport.dz\/index.php?rest_route=\/wp\/v2\/media\/144332"}],"wp:attachment":[{"href":"http:\/\/planetesport.dz\/index.php?rest_route=%2Fwp%2Fv2%2Fmedia&parent=144271"}],"wp:term":[{"taxonomy":"category","embeddable":true,"href":"http:\/\/planetesport.dz\/index.php?rest_route=%2Fwp%2Fv2%2Fcategories&post=144271"},{"taxonomy":"post_tag","embeddable":true,"href":"http:\/\/planetesport.dz\/index.php?rest_route=%2Fwp%2Fv2%2Ftags&post=144271"}],"curies":[{"name":"wp","href":"https:\/\/api.w.org\/{rel}","templated":true}]}}