{"id":144266,"date":"2026-03-08T05:56:20","date_gmt":"2026-03-08T05:56:20","guid":{"rendered":"https:\/\/planetesport.dz\/?p=144266"},"modified":"2026-03-08T05:56:20","modified_gmt":"2026-03-08T05:56:20","slug":"belghali-de-nouveau-operationnel","status":"publish","type":"post","link":"http:\/\/planetesport.dz\/?p=144266","title":{"rendered":"Belghali de nouveau op\u00e9rationnel"},"content":{"rendered":"<p>Le lat\u00e9ral alg\u00e9rien Rafik Belghali entrevoit enfin le bout du tunnel. \u00c9loign\u00e9 des terrains ces derni\u00e8res semaines en raison d\u2019une blessure contract\u00e9e peu apr\u00e8s son retour de la Coupe d\u2019Afrique des nations, le joueur de Hellas V\u00e9rone a repris les entra\u00eenements collectifs, comme l\u2019a confirm\u00e9 son entra\u00eeneur lors d\u2019une conf\u00e9rence de presse.<br \/>\nLe technicien du club italien a annonc\u00e9 que le d\u00e9fenseur avait r\u00e9int\u00e9gr\u00e9 le groupe apr\u00e8s une p\u00e9riode de soins et de r\u00e9athl\u00e9tisation. \u00ab Belghali est r\u00e9tabli. Il a repris l\u2019entra\u00eenement et travaille d\u00e9sormais avec l\u2019\u00e9quipe. Nous sommes satisfaits de le revoir parmi nous \u00bb, a-t-il indiqu\u00e9, tout en laissant planer un doute sur sa participation au prochain match face \u00e0 Bologne.<\/p>\n<p>Le club traverse en effet une phase d\u00e9licate en championnat, occupant actuellement la derni\u00e8re place de la Serie A et luttant pour \u00e9viter la rel\u00e9gation. Dans ce contexte, le retour progressif de Belghali constitue une option suppl\u00e9mentaire pour le staff technique, m\u00eame si celui-ci pr\u00e9f\u00e8re avancer avec prudence afin d\u2019\u00e9viter toute rechute. Le d\u00e9fenseur form\u00e9 en Belgique dispose d\u00e9sormais de quelques rencontres pour retrouver du rythme avant la prochaine tr\u00eave internationale. V\u00e9rone affrontera successivement Bologne, puis le Genoa et l\u2019Atalanta avant l\u2019interruption du championnat. Ces matchs pourraient \u00e9galement servir de tremplin \u00e0 Belghali pour convaincre le s\u00e9lectionneur de l\u2019\u00e9quipe d\u2019Alg\u00e9rie, Vladimir Petkovic, \u00e0 l\u2019approche du prochain stage des Verts, marqu\u00e9 par deux rencontres amicales pr\u00e9vues contre l\u2019Uruguay et le Guatemala. Apr\u00e8s plusieurs semaines d\u2019arr\u00eat, l\u2019objectif du joueur est d\u00e9sormais de retrouver la comp\u00e9tition et se relancer.<\/p>\n<p style=\"text-align: right\">\n<strong>Djamel ABED<\/strong><\/p>\n","protected":false},"excerpt":{"rendered":"<p>Le lat\u00e9ral alg\u00e9rien Rafik Belghali entrevoit enfin le bout du tunnel. \u00c9loign\u00e9 des terrains ces derni\u00e8res semaines en raison d\u2019une blessure contract\u00e9e peu apr\u00e8s son retour de la Coupe d\u2019Afrique des nations, le joueur de Hellas V\u00e9rone a repris les entra\u00eenements collectifs, comme l\u2019a confirm\u00e9 son entra\u00eeneur lors d\u2019une conf\u00e9rence de presse. Le technicien du &hellip;<\/p>\n","protected":false},"author":3,"featured_media":144327,"comment_status":"closed","ping_status":"closed","sticky":false,"template":"","format":"standard","meta":{"footnotes":""},"categories":[128],"tags":[],"class_list":["post-144266","post","type-post","status-publish","format-standard","has-post-thumbnail","hentry","category-football-etranger"],"_links":{"self":[{"href":"http:\/\/planetesport.dz\/index.php?rest_route=\/wp\/v2\/posts\/144266","targetHints":{"allow":["GET"]}}],"collection":[{"href":"http:\/\/planetesport.dz\/index.php?rest_route=\/wp\/v2\/posts"}],"about":[{"href":"http:\/\/planetesport.dz\/index.php?rest_route=\/wp\/v2\/types\/post"}],"author":[{"embeddable":true,"href":"http:\/\/planetesport.dz\/index.php?rest_route=\/wp\/v2\/users\/3"}],"replies":[{"embeddable":true,"href":"http:\/\/planetesport.dz\/index.php?rest_route=%2Fwp%2Fv2%2Fcomments&post=144266"}],"version-history":[{"count":1,"href":"http:\/\/planetesport.dz\/index.php?rest_route=\/wp\/v2\/posts\/144266\/revisions"}],"predecessor-version":[{"id":144418,"href":"http:\/\/planetesport.dz\/index.php?rest_route=\/wp\/v2\/posts\/144266\/revisions\/144418"}],"wp:featuredmedia":[{"embeddable":true,"href":"http:\/\/planetesport.dz\/index.php?rest_route=\/wp\/v2\/media\/144327"}],"wp:attachment":[{"href":"http:\/\/planetesport.dz\/index.php?rest_route=%2Fwp%2Fv2%2Fmedia&parent=144266"}],"wp:term":[{"taxonomy":"category","embeddable":true,"href":"http:\/\/planetesport.dz\/index.php?rest_route=%2Fwp%2Fv2%2Fcategories&post=144266"},{"taxonomy":"post_tag","embeddable":true,"href":"http:\/\/planetesport.dz\/index.php?rest_route=%2Fwp%2Fv2%2Ftags&post=144266"}],"curies":[{"name":"wp","href":"https:\/\/api.w.org\/{rel}","templated":true}]}}