{"id":144265,"date":"2026-03-08T06:14:13","date_gmt":"2026-03-08T06:14:13","guid":{"rendered":"https:\/\/planetesport.dz\/?p=144265"},"modified":"2026-03-08T06:14:13","modified_gmt":"2026-03-08T06:14:13","slug":"aouchiche-se-rapproche-des-verts","status":"publish","type":"post","link":"http:\/\/planetesport.dz\/?p=144265","title":{"rendered":"Aouchiche se rapproche des Verts"},"content":{"rendered":"<p>La s\u00e9lection alg\u00e9rienne pourrait bient\u00f4t enregistrer l\u2019arriv\u00e9e d\u2019un nouveau joueur \u00e9voluant en Europe. Vladimir Petkovic continue en effet d\u2019\u00e9largir ses options en vue des prochaines \u00e9ch\u00e9ances internationales, en s\u2019int\u00e9ressant notamment \u00e0 certains profils issus de la diaspora. Parmi les noms qui suscitent l\u2019attention figure celui d\u2019Adil Aouchiche, jeune milieu offensif qui \u00e9volue actuellement avec la formation allemande de Schalke 04. Le joueur form\u00e9 au Paris Saint-Germain s\u2019\u00e9tait d\u00e9j\u00e0 distingu\u00e9 tr\u00e8s t\u00f4t, notamment lors de la saison 2019-2020, avant de poursuivre sa progression \u00e0 Saint-\u00c9tienne durant deux saisons. Par la suite, Aouchiche a poursuivi sa carri\u00e8re \u00e0 Lorient, avant de tenter l\u2019exp\u00e9rience en Angleterre avec Sunderland, o\u00f9 il a pass\u00e9 deux saisons. Il a \u00e9galement connu un passage sous forme de pr\u00eat en \u00c9cosse, du c\u00f4t\u00e9 d\u2019Aberdeen. Lors du dernier mercato hivernal, le milieu offensif a d\u00e9cid\u00e9 de relever un nouveau d\u00e9fi en rejoignant Schalke, avec lequel il s\u2019est rapidement illustr\u00e9 en d\u00e9livrant deux passes d\u00e9cisives lors de ses cinq premi\u00e8res apparitions.<\/p>\n<p><strong>Un premier contact avec la FAF<\/strong><br \/>\nLe joueur a r\u00e9v\u00e9l\u00e9 que ses premiers \u00e9changes avec la F\u00e9d\u00e9ration alg\u00e9rienne de football remontent \u00e0 l\u2019\u00e9t\u00e9 2024, peu apr\u00e8s la nomination de Vladimir Petkovic \u00e0 la t\u00eate de la s\u00e9lection nationale. S\u00e9duit par le projet sportif, Aouchiche n\u2019a pas h\u00e9sit\u00e9 \u00e0 r\u00e9pondre favorablement \u00e0 l\u2019int\u00e9r\u00eat manifest\u00e9 par les responsables du football alg\u00e9rien.<br \/>\nLe milieu offensif a \u00e9galement indiqu\u00e9 avoir entrepris les d\u00e9marches n\u00e9cessaires afin de pouvoir repr\u00e9senter l\u2019Alg\u00e9rie sur la sc\u00e8ne internationale, une d\u00e9cision qui a \u00e9t\u00e9 accueillie avec enthousiasme par son entourage familial.<\/p>\n<p><strong>Une polyvalence appr\u00e9ci\u00e9e<\/strong><br \/>\nConscient de la forte concurrence au sein de l\u2019effectif des Verts, Aouchiche estime toutefois disposer d\u2019atouts capables de convaincre le s\u00e9lectionneur. Sa capacit\u00e9 \u00e0 \u00e9voluer \u00e0 plusieurs postes au milieu de terrain constitue notamment un avantage, lui permettant de s\u2019adapter \u00e0 diff\u00e9rents sch\u00e9mas tactiques. Au-del\u00e0 d\u2019une \u00e9ventuelle participation \u00e0 une grande comp\u00e9tition internationale, le joueur affirme surtout vouloir s\u2019inscrire dans la dur\u00e9e avec la s\u00e9lection alg\u00e9rienne et contribuer au projet sportif sur le long terme.<\/p>\n<p style=\"text-align: right\">\n<strong>Djamel ABED<\/strong><\/p>\n","protected":false},"excerpt":{"rendered":"<p>La s\u00e9lection alg\u00e9rienne pourrait bient\u00f4t enregistrer l\u2019arriv\u00e9e d\u2019un nouveau joueur \u00e9voluant en Europe. Vladimir Petkovic continue en effet d\u2019\u00e9largir ses options en vue des prochaines \u00e9ch\u00e9ances internationales, en s\u2019int\u00e9ressant notamment \u00e0 certains profils issus de la diaspora. Parmi les noms qui suscitent l\u2019attention figure celui d\u2019Adil Aouchiche, jeune milieu offensif qui \u00e9volue actuellement avec la &hellip;<\/p>\n","protected":false},"author":3,"featured_media":144326,"comment_status":"closed","ping_status":"closed","sticky":false,"template":"","format":"standard","meta":{"footnotes":""},"categories":[128],"tags":[],"class_list":["post-144265","post","type-post","status-publish","format-standard","has-post-thumbnail","hentry","category-football-etranger"],"_links":{"self":[{"href":"http:\/\/planetesport.dz\/index.php?rest_route=\/wp\/v2\/posts\/144265","targetHints":{"allow":["GET"]}}],"collection":[{"href":"http:\/\/planetesport.dz\/index.php?rest_route=\/wp\/v2\/posts"}],"about":[{"href":"http:\/\/planetesport.dz\/index.php?rest_route=\/wp\/v2\/types\/post"}],"author":[{"embeddable":true,"href":"http:\/\/planetesport.dz\/index.php?rest_route=\/wp\/v2\/users\/3"}],"replies":[{"embeddable":true,"href":"http:\/\/planetesport.dz\/index.php?rest_route=%2Fwp%2Fv2%2Fcomments&post=144265"}],"version-history":[{"count":1,"href":"http:\/\/planetesport.dz\/index.php?rest_route=\/wp\/v2\/posts\/144265\/revisions"}],"predecessor-version":[{"id":144449,"href":"http:\/\/planetesport.dz\/index.php?rest_route=\/wp\/v2\/posts\/144265\/revisions\/144449"}],"wp:featuredmedia":[{"embeddable":true,"href":"http:\/\/planetesport.dz\/index.php?rest_route=\/wp\/v2\/media\/144326"}],"wp:attachment":[{"href":"http:\/\/planetesport.dz\/index.php?rest_route=%2Fwp%2Fv2%2Fmedia&parent=144265"}],"wp:term":[{"taxonomy":"category","embeddable":true,"href":"http:\/\/planetesport.dz\/index.php?rest_route=%2Fwp%2Fv2%2Fcategories&post=144265"},{"taxonomy":"post_tag","embeddable":true,"href":"http:\/\/planetesport.dz\/index.php?rest_route=%2Fwp%2Fv2%2Ftags&post=144265"}],"curies":[{"name":"wp","href":"https:\/\/api.w.org\/{rel}","templated":true}]}}