{"id":144262,"date":"2026-03-08T05:56:04","date_gmt":"2026-03-08T05:56:04","guid":{"rendered":"https:\/\/planetesport.dz\/?p=144262"},"modified":"2026-03-08T05:56:04","modified_gmt":"2026-03-08T05:56:04","slug":"apres-le-pac-la-direction-de-lesba-refuserait-de-delocaliser-son-match-a-douera","status":"publish","type":"post","link":"http:\/\/planetesport.dz\/?p=144262","title":{"rendered":"Apr\u00e8s le PAC, la direction de l\u2019ESBA refuserait\u00a0 de d\u00e9localiser son match \u00e0 Dou\u00e9ra"},"content":{"rendered":"<div>Programmant cette mise \u00e0 jour de la 18e journ\u00e9e de championnat le mardi 24 mars, la LFP devrait donc attendre avant de d\u00e9terminer le lieu qui abritera ce derby. Sachant qu\u2019il serait inconcevable de programmer \u00e0 huis clos une telle rencontre au stade du 20-Ao\u00fbt, il serait pr\u00e9f\u00e9rable de d\u00e9localiser cette rencontre dans un autre lieu. Hakim Hadj Redjem de son c\u00f4t\u00e9 \u0153uvre pour essayer de faire jouer cette affiche au stade Ali-La pointe avec une partie de la recette qui sera remise au club de Ben Aknoun. Apr\u00e8s avoir \u00e9chou\u00e9 \u00e0 d\u00e9localiser le match contre le Paradou, voil\u00e0 que les responsables de l\u2019ESBA refuseraient la demande des pensionnaires de Z\u00e9ralda pr\u00e9f\u00e9rant s\u2019en tenir au menu initial. M\u00eame si pour l\u2019instant aucune d\u00e9cision n\u2019a \u00e9t\u00e9 prise dans un sens ou dans un autre, il est clair que les dirigeants mouloud\u00e9ens vont tout tenter pour faire jouer cette rencontre \u00e0 Dou\u00e9ra. Ce n\u2019est pas une premi\u00e8re pour l\u2019ESBA qui avait accept\u00e9 il y a deux saisons d\u2019affronter le MCA en aller-retour au stade du 5-Juillet devant 70 000 fans.<\/div>\n<div><\/div>\n<div><strong>Boucherit m\u00e9content\u00a0de sa situation\u00a0<\/strong><\/div>\n<div>Apr\u00e8s que son transfert au club portugais du FC Farense soit tomb\u00e9 \u00e0 l\u2019eau, Mehdi Boucherit avait d\u00fb r\u00e9int\u00e9grer son \u00e9quipe. Apr\u00e8s une petite coupure, le jeune attaquant a repris l\u2019entra\u00eenement collectif avec ses partenaires avec l\u2019objectif de retrouver la comp\u00e9tition. Celui qui \u00e9tait le chouchou des Chnaoua \u0153uvre actuellement dans l\u2019anonymat. Alors que l\u2019attaque mouloud\u00e9enne souffre d\u2019un manque d\u2019efficacit\u00e9 chronique, Boucherit pourrait \u00eatre le rem\u00e8de \u00e0 tous les maux \u00e0 condition de lui donner une seconde chance. Mais voil\u00e0, depuis son retour Mehdi ne rentre plus dans les choix du coach Mokwena. Mis \u00e0 l\u2019index, Mehdi est en train de vivre une situation tr\u00e8s d\u00e9licate. Dans l\u2019expectative, celui qui avait contribu\u00e9 grandement au sacre de 2023 doit prendre son mal en patience. Les supporters, de leur c\u00f4t\u00e9, militent pour le retour de Boucherit surtout que celui-ci offre une solution offensive au coach sud-africain qui est actuellement dans la tourmente. Encore sous contrat avec les Vert et Rouge, Boucherit ne perd pas espoir et esp\u00e8re fortement qu\u2019il aura l\u2019opportunit\u00e9 de se mettre en \u00e9vidence et pouvoir ainsi inverser la courbe. Rappelons que Boucherit comptabilise cinq titularisations lors de la phase aller pour z\u00e9ro but et aucune offrande, ce qui est une situation in\u00e9dite pour un joueur qui \u00e9tait toujours tr\u00e8s influent offensivement.<\/div>\n<div><\/div>\n<div style=\"text-align: right\"><strong>N. L.\u00a0<\/strong><\/div>\n","protected":false},"excerpt":{"rendered":"<p>Programmant cette mise \u00e0 jour de la 18e journ\u00e9e de championnat le mardi 24 mars, la LFP devrait donc attendre avant de d\u00e9terminer le lieu qui abritera ce derby. Sachant qu\u2019il serait inconcevable de programmer \u00e0 huis clos une telle rencontre au stade du 20-Ao\u00fbt, il serait pr\u00e9f\u00e9rable de d\u00e9localiser cette rencontre dans un autre &hellip;<\/p>\n","protected":false},"author":3,"featured_media":144316,"comment_status":"closed","ping_status":"closed","sticky":false,"template":"","format":"standard","meta":{"footnotes":""},"categories":[127],"tags":[],"class_list":["post-144262","post","type-post","status-publish","format-standard","has-post-thumbnail","hentry","category-football-algerien"],"_links":{"self":[{"href":"http:\/\/planetesport.dz\/index.php?rest_route=\/wp\/v2\/posts\/144262","targetHints":{"allow":["GET"]}}],"collection":[{"href":"http:\/\/planetesport.dz\/index.php?rest_route=\/wp\/v2\/posts"}],"about":[{"href":"http:\/\/planetesport.dz\/index.php?rest_route=\/wp\/v2\/types\/post"}],"author":[{"embeddable":true,"href":"http:\/\/planetesport.dz\/index.php?rest_route=\/wp\/v2\/users\/3"}],"replies":[{"embeddable":true,"href":"http:\/\/planetesport.dz\/index.php?rest_route=%2Fwp%2Fv2%2Fcomments&post=144262"}],"version-history":[{"count":1,"href":"http:\/\/planetesport.dz\/index.php?rest_route=\/wp\/v2\/posts\/144262\/revisions"}],"predecessor-version":[{"id":144416,"href":"http:\/\/planetesport.dz\/index.php?rest_route=\/wp\/v2\/posts\/144262\/revisions\/144416"}],"wp:featuredmedia":[{"embeddable":true,"href":"http:\/\/planetesport.dz\/index.php?rest_route=\/wp\/v2\/media\/144316"}],"wp:attachment":[{"href":"http:\/\/planetesport.dz\/index.php?rest_route=%2Fwp%2Fv2%2Fmedia&parent=144262"}],"wp:term":[{"taxonomy":"category","embeddable":true,"href":"http:\/\/planetesport.dz\/index.php?rest_route=%2Fwp%2Fv2%2Fcategories&post=144262"},{"taxonomy":"post_tag","embeddable":true,"href":"http:\/\/planetesport.dz\/index.php?rest_route=%2Fwp%2Fv2%2Ftags&post=144262"}],"curies":[{"name":"wp","href":"https:\/\/api.w.org\/{rel}","templated":true}]}}