{"id":144162,"date":"2026-03-07T06:22:15","date_gmt":"2026-03-07T06:22:15","guid":{"rendered":"https:\/\/planetesport.dz\/?p=144162"},"modified":"2026-03-07T06:22:15","modified_gmt":"2026-03-07T06:22:15","slug":"la-federation-entame-la-preparation-du-tour-international-dalgerie","status":"publish","type":"post","link":"http:\/\/planetesport.dz\/?p=144162","title":{"rendered":"La f\u00e9d\u00e9ration entame la pr\u00e9paration\u00a0 du Tour International d\u2019Alg\u00e9rie\u00a0 \u00a0"},"content":{"rendered":"<div>Le pr\u00e9sident de la F\u00e9d\u00e9ration alg\u00e9rienne de cyclisme, Khireddine Barbari, accompagn\u00e9 des membres du comit\u00e9 d\u2019organisation du Tour d\u2019Alg\u00e9rie cycliste International, a pris part \u00e0 une importante r\u00e9union de coordination. Celle-ci a r\u00e9uni plusieurs minist\u00e8res et organismes concern\u00e9s, ainsi que des repr\u00e9sentants des services de s\u00e9curit\u00e9. Cette rencontre de travail s\u2019inscrit dans le cadre des pr\u00e9paratifs en cours pour assurer la r\u00e9ussite de cette grande manifestation sportive, pr\u00e9vue du 17 au 28 avril. Elle a permis de passer en revue les diff\u00e9rents dispositifs organisationnels et logistiques n\u00e9cessaires au bon d\u00e9roulement de l\u2019\u00e9v\u00e9nement, tout en renfor\u00e7ant la coordination entre les parties impliqu\u00e9es afin d\u2019offrir une \u00e9dition \u00e0 la hauteur des ambitions du cyclisme national.<\/div>\n<div>La r\u00e9union \u00e9tait consacr\u00e9e \u00e0 la pr\u00e9sentation du programme g\u00e9n\u00e9ral du Tour, ainsi qu\u2019aux diff\u00e9rentes comp\u00e9titions cyclistes internationales pr\u00e9vues \u00e0 Alger au cours du mois de mai prochain. Les aspects organisationnels, logistiques et de s\u00e9curit\u00e9 li\u00e9e \u00e0 ces \u00e9v\u00e9nements sportifs, tr\u00e8s attendus par les amateurs de la petite reine, ont \u00e9galement \u00e9t\u00e9 \u00e9tudi\u00e9s.<\/div>\n<div><\/div>\n<div style=\"text-align: right\"><strong>N. E.<\/strong><\/div>\n","protected":false},"excerpt":{"rendered":"<p>Le pr\u00e9sident de la F\u00e9d\u00e9ration alg\u00e9rienne de cyclisme, Khireddine Barbari, accompagn\u00e9 des membres du comit\u00e9 d\u2019organisation du Tour d\u2019Alg\u00e9rie cycliste International, a pris part \u00e0 une importante r\u00e9union de coordination. Celle-ci a r\u00e9uni plusieurs minist\u00e8res et organismes concern\u00e9s, ainsi que des repr\u00e9sentants des services de s\u00e9curit\u00e9. Cette rencontre de travail s\u2019inscrit dans le cadre des &hellip;<\/p>\n","protected":false},"author":3,"featured_media":144201,"comment_status":"closed","ping_status":"closed","sticky":false,"template":"","format":"standard","meta":{"footnotes":""},"categories":[156,129],"tags":[],"class_list":["post-144162","post","type-post","status-publish","format-standard","has-post-thumbnail","hentry","category-cyclisme","category-omnisport"],"_links":{"self":[{"href":"http:\/\/planetesport.dz\/index.php?rest_route=\/wp\/v2\/posts\/144162","targetHints":{"allow":["GET"]}}],"collection":[{"href":"http:\/\/planetesport.dz\/index.php?rest_route=\/wp\/v2\/posts"}],"about":[{"href":"http:\/\/planetesport.dz\/index.php?rest_route=\/wp\/v2\/types\/post"}],"author":[{"embeddable":true,"href":"http:\/\/planetesport.dz\/index.php?rest_route=\/wp\/v2\/users\/3"}],"replies":[{"embeddable":true,"href":"http:\/\/planetesport.dz\/index.php?rest_route=%2Fwp%2Fv2%2Fcomments&post=144162"}],"version-history":[{"count":1,"href":"http:\/\/planetesport.dz\/index.php?rest_route=\/wp\/v2\/posts\/144162\/revisions"}],"predecessor-version":[{"id":144235,"href":"http:\/\/planetesport.dz\/index.php?rest_route=\/wp\/v2\/posts\/144162\/revisions\/144235"}],"wp:featuredmedia":[{"embeddable":true,"href":"http:\/\/planetesport.dz\/index.php?rest_route=\/wp\/v2\/media\/144201"}],"wp:attachment":[{"href":"http:\/\/planetesport.dz\/index.php?rest_route=%2Fwp%2Fv2%2Fmedia&parent=144162"}],"wp:term":[{"taxonomy":"category","embeddable":true,"href":"http:\/\/planetesport.dz\/index.php?rest_route=%2Fwp%2Fv2%2Fcategories&post=144162"},{"taxonomy":"post_tag","embeddable":true,"href":"http:\/\/planetesport.dz\/index.php?rest_route=%2Fwp%2Fv2%2Ftags&post=144162"}],"curies":[{"name":"wp","href":"https:\/\/api.w.org\/{rel}","templated":true}]}}