{"id":144103,"date":"2026-03-07T06:18:40","date_gmt":"2026-03-07T06:18:40","guid":{"rendered":"https:\/\/planetesport.dz\/?p=144103"},"modified":"2026-03-07T06:18:40","modified_gmt":"2026-03-07T06:18:40","slug":"le-bayern-milan-et-la-juventus-sur-les-rangs-pour-kerim-sam-alajbegovic","status":"publish","type":"post","link":"http:\/\/planetesport.dz\/?p=144103","title":{"rendered":"Le Bayern, Milan et la Juventus sur les rangs pour Kerim-Sam Alajbegovic"},"content":{"rendered":"<p>Plusieurs grands clubs europ\u00e9ens suivent de pr\u00e8s l\u2019ailier du RB Salzbourg, Kerim-Sam Alajbegovic, selon les informations de la Gazzetta dello Sport. Le Bosnien de 18 ans aurait suscit\u00e9 l\u2019int\u00e9r\u00eat du Bayern Munich, de l\u2019AC Milan et de la Juventus gr\u00e2ce \u00e0 ses performances impressionnantes cette saison. Alajbegovic a rejoint la formation autrichienne en juillet dernier en provenance du Bayer Leverkusen, club o\u00f9 il a fait ses classes chez les jeunes. Le Bayer disposait d&rsquo;une option de rachat pour le joueur en janvier, mais a choisi de ne pas l\u2019exercer. Toutefois, le club allemand pourrait reconsid\u00e9rer cette option cet \u00e9t\u00e9, la clause de rachat \u00e9tant fix\u00e9e \u00e0 8 millions d\u2019euros. Cette saison, Alajbegovic a d\u00e9j\u00e0 \u00e9t\u00e9 impliqu\u00e9 dans 14 buts en 34 matchs toutes comp\u00e9titions confondues, illustrant son importance croissante au sein de l\u2019effectif de Salzbourg et justifiant l\u2019int\u00e9r\u00eat des cadors europ\u00e9ens \u00e0 son \u00e9gard. Rapporte le site tribuna.com.<\/p>\n","protected":false},"excerpt":{"rendered":"<p>Plusieurs grands clubs europ\u00e9ens suivent de pr\u00e8s l\u2019ailier du RB Salzbourg, Kerim-Sam Alajbegovic, selon les informations de la Gazzetta dello Sport. Le Bosnien de 18 ans aurait suscit\u00e9 l\u2019int\u00e9r\u00eat du Bayern Munich, de l\u2019AC Milan et de la Juventus gr\u00e2ce \u00e0 ses performances impressionnantes cette saison. Alajbegovic a rejoint la formation autrichienne en juillet dernier &hellip;<\/p>\n","protected":false},"author":3,"featured_media":144152,"comment_status":"closed","ping_status":"closed","sticky":false,"template":"","format":"standard","meta":{"footnotes":""},"categories":[128],"tags":[],"class_list":["post-144103","post","type-post","status-publish","format-standard","has-post-thumbnail","hentry","category-football-etranger"],"_links":{"self":[{"href":"http:\/\/planetesport.dz\/index.php?rest_route=\/wp\/v2\/posts\/144103","targetHints":{"allow":["GET"]}}],"collection":[{"href":"http:\/\/planetesport.dz\/index.php?rest_route=\/wp\/v2\/posts"}],"about":[{"href":"http:\/\/planetesport.dz\/index.php?rest_route=\/wp\/v2\/types\/post"}],"author":[{"embeddable":true,"href":"http:\/\/planetesport.dz\/index.php?rest_route=\/wp\/v2\/users\/3"}],"replies":[{"embeddable":true,"href":"http:\/\/planetesport.dz\/index.php?rest_route=%2Fwp%2Fv2%2Fcomments&post=144103"}],"version-history":[{"count":1,"href":"http:\/\/planetesport.dz\/index.php?rest_route=\/wp\/v2\/posts\/144103\/revisions"}],"predecessor-version":[{"id":144226,"href":"http:\/\/planetesport.dz\/index.php?rest_route=\/wp\/v2\/posts\/144103\/revisions\/144226"}],"wp:featuredmedia":[{"embeddable":true,"href":"http:\/\/planetesport.dz\/index.php?rest_route=\/wp\/v2\/media\/144152"}],"wp:attachment":[{"href":"http:\/\/planetesport.dz\/index.php?rest_route=%2Fwp%2Fv2%2Fmedia&parent=144103"}],"wp:term":[{"taxonomy":"category","embeddable":true,"href":"http:\/\/planetesport.dz\/index.php?rest_route=%2Fwp%2Fv2%2Fcategories&post=144103"},{"taxonomy":"post_tag","embeddable":true,"href":"http:\/\/planetesport.dz\/index.php?rest_route=%2Fwp%2Fv2%2Ftags&post=144103"}],"curies":[{"name":"wp","href":"https:\/\/api.w.org\/{rel}","templated":true}]}}