{"id":144097,"date":"2026-03-07T06:16:41","date_gmt":"2026-03-07T06:16:41","guid":{"rendered":"https:\/\/planetesport.dz\/?p=144097"},"modified":"2026-03-07T06:16:41","modified_gmt":"2026-03-07T06:16:41","slug":"guitane-reve-du-mondial-et-assume-la-concurrence","status":"publish","type":"post","link":"http:\/\/planetesport.dz\/?p=144097","title":{"rendered":"Guitane r\u00eave du Mondial\u00a0 et assume la concurrence"},"content":{"rendered":"<div>L\u2019international alg\u00e9rien Rafik Guitane a affirm\u00e9 que son objectif direct reste de participer \u00e0 une Coupe du monde avec la s\u00e9lection nationale. Le milieu offensif d\u2019Estoril Praia assure \u00e9galement qu\u2019il n\u2019est nullement intimid\u00e9 par la concurrence qui existe au sein de l\u2019effectif des Verts.<\/div>\n<div>Le joueur form\u00e9 au Havre estime que la pr\u00e9sence de profils confirm\u00e9s n\u2019entame en rien sa d\u00e9termination \u00e0 se faire une place. \u00c9voquant la concurrence sur le flanc droit de l\u2019attaque, il reconna\u00eet la valeur des \u00e9l\u00e9ments en place, \u00e0 l\u2019image de Riyad Mahrez ou encore d\u2019Anis Hadj Moussa et d\u2019Ilian Kebbal, tout en affichant sa confiance en ses propres qualit\u00e9s. Pour lui, cette rivalit\u00e9 sportive constitue plut\u00f4t une source de motivation.<\/div>\n<div>Guitane a \u00e9galement rappel\u00e9 qu\u2019il n\u2019\u00e9voluait pas initialement au poste d\u2019ailier droit. Meneur de jeu de formation, il n\u2019occupe ce r\u00f4le sur le c\u00f4t\u00e9 que depuis quelques saisons. Une polyvalence qu\u2019il consid\u00e8re comme un atout suppl\u00e9mentaire susceptible de lui offrir davantage d\u2019options avec la s\u00e9lection alg\u00e9rienne.<\/div>\n<div>Le joueur nourrit par ailleurs d\u2019autres ambitions pour la suite de sa carri\u00e8re. Au-del\u00e0 de son r\u00eave de disputer un Mondial avec les Verts, il aspire un jour \u00e0 \u00e9voluer dans le championnat espagnol, estimant que son style de jeu pourrait parfaitement s\u2019y adapter.<\/div>\n<div><\/div>\n<div style=\"text-align: right\"><strong>Djamel ABED<\/strong><\/div>\n","protected":false},"excerpt":{"rendered":"<p>L\u2019international alg\u00e9rien Rafik Guitane a affirm\u00e9 que son objectif direct reste de participer \u00e0 une Coupe du monde avec la s\u00e9lection nationale. Le milieu offensif d\u2019Estoril Praia assure \u00e9galement qu\u2019il n\u2019est nullement intimid\u00e9 par la concurrence qui existe au sein de l\u2019effectif des Verts. Le joueur form\u00e9 au Havre estime que la pr\u00e9sence de profils &hellip;<\/p>\n","protected":false},"author":3,"featured_media":0,"comment_status":"closed","ping_status":"closed","sticky":false,"template":"","format":"standard","meta":{"footnotes":""},"categories":[128],"tags":[],"class_list":["post-144097","post","type-post","status-publish","format-standard","hentry","category-football-etranger"],"_links":{"self":[{"href":"http:\/\/planetesport.dz\/index.php?rest_route=\/wp\/v2\/posts\/144097","targetHints":{"allow":["GET"]}}],"collection":[{"href":"http:\/\/planetesport.dz\/index.php?rest_route=\/wp\/v2\/posts"}],"about":[{"href":"http:\/\/planetesport.dz\/index.php?rest_route=\/wp\/v2\/types\/post"}],"author":[{"embeddable":true,"href":"http:\/\/planetesport.dz\/index.php?rest_route=\/wp\/v2\/users\/3"}],"replies":[{"embeddable":true,"href":"http:\/\/planetesport.dz\/index.php?rest_route=%2Fwp%2Fv2%2Fcomments&post=144097"}],"version-history":[{"count":1,"href":"http:\/\/planetesport.dz\/index.php?rest_route=\/wp\/v2\/posts\/144097\/revisions"}],"predecessor-version":[{"id":144220,"href":"http:\/\/planetesport.dz\/index.php?rest_route=\/wp\/v2\/posts\/144097\/revisions\/144220"}],"wp:attachment":[{"href":"http:\/\/planetesport.dz\/index.php?rest_route=%2Fwp%2Fv2%2Fmedia&parent=144097"}],"wp:term":[{"taxonomy":"category","embeddable":true,"href":"http:\/\/planetesport.dz\/index.php?rest_route=%2Fwp%2Fv2%2Fcategories&post=144097"},{"taxonomy":"post_tag","embeddable":true,"href":"http:\/\/planetesport.dz\/index.php?rest_route=%2Fwp%2Fv2%2Ftags&post=144097"}],"curies":[{"name":"wp","href":"https:\/\/api.w.org\/{rel}","templated":true}]}}