{"id":144096,"date":"2026-03-07T06:16:48","date_gmt":"2026-03-07T06:16:48","guid":{"rendered":"https:\/\/planetesport.dz\/?p=144096"},"modified":"2026-03-07T06:16:48","modified_gmt":"2026-03-07T06:16:48","slug":"abada-le-nouveau-patron-de-la-defense","status":"publish","type":"post","link":"http:\/\/planetesport.dz\/?p=144096","title":{"rendered":"Abada,\u00a0 le nouveau patron de la d\u00e9fense"},"content":{"rendered":"<p><strong>Arriv\u00e9 lors du dernier mercato hivernal chez les Rouge et Noir, Achraf Abada n\u2019a pas mis longtemps pour convaincre. Le d\u00e9fenseur central international s\u2019est rapidement impos\u00e9 comme l\u2019un des piliers d\u00e9fensifs de sa nouvelle \u00e9quipe en un laps de temps \u00e9clair gr\u00e2ce \u00e0 ses prestations solides et \u00e0 son impact d\u00e9fensif.<\/strong><\/p>\n<p>Originaire de Touggourt, Abada a saisi sa chance d\u00e8s sa premi\u00e8re titularisation \u00e0 El-Bayadh. Ce jour-l\u00e0, le d\u00e9fenseur avait d\u00e9j\u00e0 laiss\u00e9 entrevoir l\u2019\u00e9tendue de son potentiel, affichant une s\u00e9r\u00e9nit\u00e9 et une rigueur qui ont imm\u00e9diatement rassur\u00e9 ses co\u00e9quipiers et les membres du staff technique. Mais c\u2019est surtout lors du quart de finale de la Coupe d\u2019Alg\u00e9rie face \u00e0 la JS Saoura qu\u2019il a v\u00e9ritablement marqu\u00e9 les esprits. Auteur d\u2019une prestation de tr\u00e8s haut niveau, le d\u00e9fenseur a multipli\u00e9 les interventions d\u00e9cisives, neutralisant les offensives adverses avec autorit\u00e9 et sang-froid. Sa performance a \u00e9t\u00e9 telle que les supporters pr\u00e9sents n\u2019ont cess\u00e9 de scander son nom durant la rencontre, puis longuement apr\u00e8s le coup de sifflet final, faisant de lui l\u2019un des nouveaux chouchous des tribunes.<\/p>\n<p>Align\u00e9 dans l\u2019axe de la d\u00e9fense aux c\u00f4t\u00e9s de Che Ma Lone, Abada a form\u00e9 une charni\u00e8re particuli\u00e8rement compl\u00e9mentaire. Leur entente a permis \u00e0 l\u2019\u00e9quipe d\u2019afficher une solidit\u00e9 d\u00e9fensive remarquable, confirmant ainsi tout le bien que l\u2019on disait de l\u2019ancien joueur de l\u2019ASO Chlef avant son arriv\u00e9e. Un choix qui semble d\u00e9j\u00e0 pleinement justifi\u00e9 pour les dirigeants du club, qui avaient fait d\u2019Achraf Abada l\u2019une de leurs priorit\u00e9s lors du dernier march\u00e9 des transferts. Ses prestations rassurent aujourd\u2019hui les responsables sportifs, convaincus d\u2019avoir mis\u00e9 sur un \u00e9l\u00e9ment capable de s\u2019inscrire dans la dur\u00e9e. Malheureusement, le d\u00e9fenseur sera l\u2019un des grands absents lors de la prochaine \u00e9ch\u00e9ance continentale en Coupe de la CAF. Une frustration pour le joueur, qui esp\u00e8re n\u00e9anmoins continuer sur sa lanc\u00e9e et contribuer au succ\u00e8s des Rouge et Noir dans les mois \u00e0 venir.<br \/>\nAmbitieux et d\u00e9termin\u00e9, Achraf Abada nourrit un objectif clair : poursuivre sa progression et, pourquoi pas, d\u00e9crocher son premier troph\u00e9e sous les couleurs des Rouge et Noir dans un futur proche.<\/p>\n<p style=\"text-align: right\">\n<strong>Nassim A.<\/strong><\/p>\n","protected":false},"excerpt":{"rendered":"<p>Arriv\u00e9 lors du dernier mercato hivernal chez les Rouge et Noir, Achraf Abada n\u2019a pas mis longtemps pour convaincre. Le d\u00e9fenseur central international s\u2019est rapidement impos\u00e9 comme l\u2019un des piliers d\u00e9fensifs de sa nouvelle \u00e9quipe en un laps de temps \u00e9clair gr\u00e2ce \u00e0 ses prestations solides et \u00e0 son impact d\u00e9fensif. Originaire de Touggourt, Abada &hellip;<\/p>\n","protected":false},"author":3,"featured_media":144147,"comment_status":"closed","ping_status":"closed","sticky":false,"template":"","format":"standard","meta":{"footnotes":""},"categories":[127],"tags":[],"class_list":["post-144096","post","type-post","status-publish","format-standard","has-post-thumbnail","hentry","category-football-algerien"],"_links":{"self":[{"href":"http:\/\/planetesport.dz\/index.php?rest_route=\/wp\/v2\/posts\/144096","targetHints":{"allow":["GET"]}}],"collection":[{"href":"http:\/\/planetesport.dz\/index.php?rest_route=\/wp\/v2\/posts"}],"about":[{"href":"http:\/\/planetesport.dz\/index.php?rest_route=\/wp\/v2\/types\/post"}],"author":[{"embeddable":true,"href":"http:\/\/planetesport.dz\/index.php?rest_route=\/wp\/v2\/users\/3"}],"replies":[{"embeddable":true,"href":"http:\/\/planetesport.dz\/index.php?rest_route=%2Fwp%2Fv2%2Fcomments&post=144096"}],"version-history":[{"count":1,"href":"http:\/\/planetesport.dz\/index.php?rest_route=\/wp\/v2\/posts\/144096\/revisions"}],"predecessor-version":[{"id":144221,"href":"http:\/\/planetesport.dz\/index.php?rest_route=\/wp\/v2\/posts\/144096\/revisions\/144221"}],"wp:featuredmedia":[{"embeddable":true,"href":"http:\/\/planetesport.dz\/index.php?rest_route=\/wp\/v2\/media\/144147"}],"wp:attachment":[{"href":"http:\/\/planetesport.dz\/index.php?rest_route=%2Fwp%2Fv2%2Fmedia&parent=144096"}],"wp:term":[{"taxonomy":"category","embeddable":true,"href":"http:\/\/planetesport.dz\/index.php?rest_route=%2Fwp%2Fv2%2Fcategories&post=144096"},{"taxonomy":"post_tag","embeddable":true,"href":"http:\/\/planetesport.dz\/index.php?rest_route=%2Fwp%2Fv2%2Ftags&post=144096"}],"curies":[{"name":"wp","href":"https:\/\/api.w.org\/{rel}","templated":true}]}}