{"id":143985,"date":"2026-03-05T05:55:15","date_gmt":"2026-03-05T05:55:15","guid":{"rendered":"https:\/\/planetesport.dz\/?p=143985"},"modified":"2026-03-05T05:55:15","modified_gmt":"2026-03-05T05:55:15","slug":"abada-recompense-pour-ses-debuts","status":"publish","type":"post","link":"http:\/\/planetesport.dz\/?p=143985","title":{"rendered":"Abada r\u00e9compens\u00e9 pour ses d\u00e9buts"},"content":{"rendered":"<p>Pour sa toute premi\u00e8re titularisation sous les couleurs des Rouge et Noir, vendredi dernier \u00e0 El-Bayadh, Achraf Abada n\u2019a pas manqu\u00e9 son rendez-vous. Align\u00e9 d\u2019entr\u00e9e en d\u00e9fense centrale, l\u2019international a livr\u00e9 une prestation solide et rassurante, confirmant d\u2019embl\u00e9e les espoirs plac\u00e9s en lui. Dans un contexte toujours d\u00e9licat pour une premi\u00e8re, surtout \u00e0 l\u2019ext\u00e9rieur, le natif de Touggourt a fait preuve de s\u00e9r\u00e9nit\u00e9 et d\u2019autorit\u00e9. Bien positionn\u00e9, rigoureux dans les duels et propre dans ses relances, Abada a su imposer sa pr\u00e9sence dans l\u2019axe. Sa lecture du jeu et son sens de l\u2019anticipation ont permis \u00e0 son \u00e9quipe de garder l\u2019\u00e9quilibre d\u00e9fensif tout au long de la rencontre. Cette performance aboutie ne s\u2019est pas fait attendre c\u00f4t\u00e9 reconnaissance. Le d\u00e9fenseur central figure dans le onze type de la 21e journ\u00e9e \u00e9tabli par la Ligue de football professionnel, une distinction qui vient saluer des d\u00e9buts plus que prometteurs. Une r\u00e9compense m\u00e9rit\u00e9e au vu de son rendement et de son impact imm\u00e9diat.<\/p>\n<p>Pass\u00e9 par l\u2019ASO Chlef, Abada semble d\u00e9j\u00e0 avoir franchi un cap. Son int\u00e9gration express et son adaptation rapide au sein de son nouveau club t\u00e9moignent d\u2019un mental solide et d\u2019une r\u00e9elle ambition. \u00c0 travers cette premi\u00e8re sortie convaincante, il affiche clairement son intention de donner une nouvelle dimension \u00e0 sa carri\u00e8re. Mais le plus dur commence maintenant. Pour s\u2019installer durablement et confirmer son statut, l\u2019international devra encha\u00eener les prestations de haut niveau. La r\u00e9gularit\u00e9 sera la cl\u00e9 pour transformer cette premi\u00e8re r\u00e9ussie en v\u00e9ritable tournant. En attendant, ses d\u00e9buts ont pleinement rassur\u00e9 les responsables et les supporters, tous s\u00e9duits par son aplomb et sa maturit\u00e9. \u00c0 El-Bayadh, Achraf Abada n\u2019a pas seulement honor\u00e9 sa premi\u00e8re titularisation : il a lanc\u00e9 un message fort.<\/p>\n<p style=\"text-align: right\">\n<strong>Nassim A.<\/strong><\/p>\n","protected":false},"excerpt":{"rendered":"<p>Pour sa toute premi\u00e8re titularisation sous les couleurs des Rouge et Noir, vendredi dernier \u00e0 El-Bayadh, Achraf Abada n\u2019a pas manqu\u00e9 son rendez-vous. Align\u00e9 d\u2019entr\u00e9e en d\u00e9fense centrale, l\u2019international a livr\u00e9 une prestation solide et rassurante, confirmant d\u2019embl\u00e9e les espoirs plac\u00e9s en lui. Dans un contexte toujours d\u00e9licat pour une premi\u00e8re, surtout \u00e0 l\u2019ext\u00e9rieur, le &hellip;<\/p>\n","protected":false},"author":3,"featured_media":144026,"comment_status":"closed","ping_status":"closed","sticky":false,"template":"","format":"standard","meta":{"footnotes":""},"categories":[127],"tags":[],"class_list":["post-143985","post","type-post","status-publish","format-standard","has-post-thumbnail","hentry","category-football-algerien"],"_links":{"self":[{"href":"http:\/\/planetesport.dz\/index.php?rest_route=\/wp\/v2\/posts\/143985","targetHints":{"allow":["GET"]}}],"collection":[{"href":"http:\/\/planetesport.dz\/index.php?rest_route=\/wp\/v2\/posts"}],"about":[{"href":"http:\/\/planetesport.dz\/index.php?rest_route=\/wp\/v2\/types\/post"}],"author":[{"embeddable":true,"href":"http:\/\/planetesport.dz\/index.php?rest_route=\/wp\/v2\/users\/3"}],"replies":[{"embeddable":true,"href":"http:\/\/planetesport.dz\/index.php?rest_route=%2Fwp%2Fv2%2Fcomments&post=143985"}],"version-history":[{"count":1,"href":"http:\/\/planetesport.dz\/index.php?rest_route=\/wp\/v2\/posts\/143985\/revisions"}],"predecessor-version":[{"id":144045,"href":"http:\/\/planetesport.dz\/index.php?rest_route=\/wp\/v2\/posts\/143985\/revisions\/144045"}],"wp:featuredmedia":[{"embeddable":true,"href":"http:\/\/planetesport.dz\/index.php?rest_route=\/wp\/v2\/media\/144026"}],"wp:attachment":[{"href":"http:\/\/planetesport.dz\/index.php?rest_route=%2Fwp%2Fv2%2Fmedia&parent=143985"}],"wp:term":[{"taxonomy":"category","embeddable":true,"href":"http:\/\/planetesport.dz\/index.php?rest_route=%2Fwp%2Fv2%2Fcategories&post=143985"},{"taxonomy":"post_tag","embeddable":true,"href":"http:\/\/planetesport.dz\/index.php?rest_route=%2Fwp%2Fv2%2Ftags&post=143985"}],"curies":[{"name":"wp","href":"https:\/\/api.w.org\/{rel}","templated":true}]}}