{"id":143897,"date":"2026-03-05T05:58:26","date_gmt":"2026-03-05T05:58:26","guid":{"rendered":"https:\/\/planetesport.dz\/?p=143897"},"modified":"2026-03-05T05:58:27","modified_gmt":"2026-03-05T05:58:27","slug":"real-rodrygo-gravement-blesse-et-forfait-pour-le-mondial","status":"publish","type":"post","link":"http:\/\/planetesport.dz\/?p=143897","title":{"rendered":"Real : Rodrygo gravement bless\u00e9 et forfait pour le Mondial !"},"content":{"rendered":"<p><strong>C\u2019est un coup de tonnerre qui s\u2019abat sur le Real Madrid et sur le Br\u00e9sil. Bless\u00e9 au genou droit contre Getafe (0-1) lundi en Liga, Rodrygo souffre d\u2019une rupture du ligament crois\u00e9 ant\u00e9rieur. L\u2019ailier ne jouera pas la Coupe du monde cet \u00e9t\u00e9.<\/strong><\/p>\n<p>Rodrygo ne disputera pas le Mondial-2026. On entre dans la p\u00e9riode o\u00f9 les joueurs internationaux redoutent le plus une grave blessure, \u00e0 seulement trois mois du d\u00e9but d\u2019une Coupe du monde. Pas de chance pour Rodrygo, qui sera l\u2019un des absents majeurs du Mondial-2026, suite \u00e0 sa grave blessure contract\u00e9e lundi lors du match de Liga contre Getafe (0-1).<\/p>\n<p><strong>Fin de saison pour Rodrygo<\/strong><\/p>\n<p>Tout juste de retour \u00e0 la comp\u00e9tition apr\u00e8s un mois d\u2019absence, suite \u00e0 un souci musculaire aux ischio-jambiers, l\u2019ailier du Real Madrid s\u2019est bless\u00e9 au genou droit. Il ne pouvait pas esp\u00e9rer un pire diagnostic : les examens pass\u00e9s ce mardi ont r\u00e9v\u00e9l\u00e9 une rupture du ligament crois\u00e9 ant\u00e9rieur et du m\u00e9nisque lat\u00e9ral, tel que l\u2019a indiqu\u00e9 le Real dans un communiqu\u00e9. Les cons\u00e9quences directes atteignent tout d\u2019abord le Real Madrid : apr\u00e8s la blessure de Kylian Mbapp\u00e9 qui devrait l\u2019\u00e9carter des terrains plusieurs semaines et le pr\u00eat d\u2019Endrick \u00e0 Lyon, en plus des absences ponctuelles d\u2019autres joueurs (comme la suspension \u00e0 venir de Franco Mastantuono), le Real voit le nombre de solutions offensives se r\u00e9duire \u00e0 nouveau. Ce n\u2019est pas id\u00e9al pour traverser une crise, comme celle \u00e0 laquelle font face les Merengue.<\/p>\n<p><strong>Une opportunit\u00e9 \u00e0 saisir pour Neymar ?<\/strong><\/p>\n<p>Cependant, l\u2019onde de choc d\u00e9passe largement les fronti\u00e8res espagnoles. Cette blessure prive le Br\u00e9sil de l\u2019un de ses principaux atouts, puisque, dans le meilleur des cas, Rodrygo peut esp\u00e9rer faire son retour sur les terrains sur la fin de l\u2019ann\u00e9e civile. Immense d\u00e9sillusion pour le joueur, qui ne pourra pas d\u00e9fendre les couleurs br\u00e9siliennes lors du grand rendez-vous plan\u00e9taire. D\u2019un autre c\u00f4t\u00e9, cela ouvre une porte pour un joueur\u2026 et Neymar n\u2019en d\u00e9mord pas : il r\u00eave du Mondial et d\u2019un retour en s\u00e9lection, deux ans et demi apr\u00e8s une blessure similaire qui l\u2019a, malgr\u00e9 lui, \u00e9cart\u00e9 de la Sele\u00e7\u00e3o. Rapporte le site maxifoot.fr.<\/p>\n","protected":false},"excerpt":{"rendered":"<p>C\u2019est un coup de tonnerre qui s\u2019abat sur le Real Madrid et sur le Br\u00e9sil. Bless\u00e9 au genou droit contre Getafe (0-1) lundi en Liga, Rodrygo souffre d\u2019une rupture du ligament crois\u00e9 ant\u00e9rieur. L\u2019ailier ne jouera pas la Coupe du monde cet \u00e9t\u00e9. Rodrygo ne disputera pas le Mondial-2026. On entre dans la p\u00e9riode o\u00f9 &hellip;<\/p>\n","protected":false},"author":3,"featured_media":143968,"comment_status":"closed","ping_status":"closed","sticky":false,"template":"","format":"standard","meta":{"footnotes":""},"categories":[128],"tags":[],"class_list":["post-143897","post","type-post","status-publish","format-standard","has-post-thumbnail","hentry","category-football-etranger"],"_links":{"self":[{"href":"http:\/\/planetesport.dz\/index.php?rest_route=\/wp\/v2\/posts\/143897","targetHints":{"allow":["GET"]}}],"collection":[{"href":"http:\/\/planetesport.dz\/index.php?rest_route=\/wp\/v2\/posts"}],"about":[{"href":"http:\/\/planetesport.dz\/index.php?rest_route=\/wp\/v2\/types\/post"}],"author":[{"embeddable":true,"href":"http:\/\/planetesport.dz\/index.php?rest_route=\/wp\/v2\/users\/3"}],"replies":[{"embeddable":true,"href":"http:\/\/planetesport.dz\/index.php?rest_route=%2Fwp%2Fv2%2Fcomments&post=143897"}],"version-history":[{"count":1,"href":"http:\/\/planetesport.dz\/index.php?rest_route=\/wp\/v2\/posts\/143897\/revisions"}],"predecessor-version":[{"id":144054,"href":"http:\/\/planetesport.dz\/index.php?rest_route=\/wp\/v2\/posts\/143897\/revisions\/144054"}],"wp:featuredmedia":[{"embeddable":true,"href":"http:\/\/planetesport.dz\/index.php?rest_route=\/wp\/v2\/media\/143968"}],"wp:attachment":[{"href":"http:\/\/planetesport.dz\/index.php?rest_route=%2Fwp%2Fv2%2Fmedia&parent=143897"}],"wp:term":[{"taxonomy":"category","embeddable":true,"href":"http:\/\/planetesport.dz\/index.php?rest_route=%2Fwp%2Fv2%2Fcategories&post=143897"},{"taxonomy":"post_tag","embeddable":true,"href":"http:\/\/planetesport.dz\/index.php?rest_route=%2Fwp%2Fv2%2Ftags&post=143897"}],"curies":[{"name":"wp","href":"https:\/\/api.w.org\/{rel}","templated":true}]}}