{"id":143896,"date":"2026-03-05T05:58:24","date_gmt":"2026-03-05T05:58:24","guid":{"rendered":"https:\/\/planetesport.dz\/?p=143896"},"modified":"2026-03-05T05:58:24","modified_gmt":"2026-03-05T05:58:24","slug":"le-fc-barcelone-prepare-un-transfert-estival-pour-la-star-de-tottenham-micky-van-de-ven","status":"publish","type":"post","link":"http:\/\/planetesport.dz\/?p=143896","title":{"rendered":"Le FC Barcelone pr\u00e9pare un transfert estival pour la star de Tottenham, Micky van de Ven"},"content":{"rendered":"<p>Le FC Barcelone pr\u00e9pare une offensive s\u00e9rieuse cet \u00e9t\u00e9 pour recruter le d\u00e9fenseur central de Tottenham Hotspur, Micky van de Ven, les dirigeants catalans ayant identifi\u00e9 l\u2019international n\u00e9erlandais de 24 ans comme une priorit\u00e9 d\u00e9fensive. Des rapports en Espagne indiquent que le Bar\u00e7a consid\u00e8re la vitesse de Van de Ven, sa capacit\u00e9 \u00e0 relancer le jeu et son sang-froid comme des qualit\u00e9s parfaites pour renforcer leur ligne d\u00e9fensive. Le d\u00e9fenseur n\u00e9erlandais s\u2019est impos\u00e9 comme l\u2019un des joueurs les plus remarqu\u00e9s de Tottenham depuis son arriv\u00e9e en provenance de Wolfsburg en 2023, s\u2019\u00e9tablissant rapidement comme l\u2019un des jeunes d\u00e9fenseurs centraux les plus fiables de la Premier League. Van de Ven a disput\u00e9 26 matchs de Premier League cette saison avec Tottenham, inscrivant 4 buts et d\u00e9livrant 1 passe d\u00e9cisive. L\u2019int\u00e9r\u00eat du FC Barcelone s\u2019inscrit dans sa strat\u00e9gie \u00e0 long terme visant \u00e0 rajeunir une d\u00e9fense vieillissante. Le contrat de Van de Ven, qui court jusqu\u2019en 2029, donne toutefois un fort pouvoir de n\u00e9gociation \u00e0 Tottenham. Un \u00e9ventuel transfert n\u00e9cessiterait probablement une indemnit\u00e9 importante compte tenu de son \u00e2ge et de son potentiel. Rapporte le site tribuna.com.<\/p>\n","protected":false},"excerpt":{"rendered":"<p>Le FC Barcelone pr\u00e9pare une offensive s\u00e9rieuse cet \u00e9t\u00e9 pour recruter le d\u00e9fenseur central de Tottenham Hotspur, Micky van de Ven, les dirigeants catalans ayant identifi\u00e9 l\u2019international n\u00e9erlandais de 24 ans comme une priorit\u00e9 d\u00e9fensive. Des rapports en Espagne indiquent que le Bar\u00e7a consid\u00e8re la vitesse de Van de Ven, sa capacit\u00e9 \u00e0 relancer le &hellip;<\/p>\n","protected":false},"author":3,"featured_media":143966,"comment_status":"closed","ping_status":"closed","sticky":false,"template":"","format":"standard","meta":{"footnotes":""},"categories":[128],"tags":[],"class_list":["post-143896","post","type-post","status-publish","format-standard","has-post-thumbnail","hentry","category-football-etranger"],"_links":{"self":[{"href":"http:\/\/planetesport.dz\/index.php?rest_route=\/wp\/v2\/posts\/143896","targetHints":{"allow":["GET"]}}],"collection":[{"href":"http:\/\/planetesport.dz\/index.php?rest_route=\/wp\/v2\/posts"}],"about":[{"href":"http:\/\/planetesport.dz\/index.php?rest_route=\/wp\/v2\/types\/post"}],"author":[{"embeddable":true,"href":"http:\/\/planetesport.dz\/index.php?rest_route=\/wp\/v2\/users\/3"}],"replies":[{"embeddable":true,"href":"http:\/\/planetesport.dz\/index.php?rest_route=%2Fwp%2Fv2%2Fcomments&post=143896"}],"version-history":[{"count":1,"href":"http:\/\/planetesport.dz\/index.php?rest_route=\/wp\/v2\/posts\/143896\/revisions"}],"predecessor-version":[{"id":144053,"href":"http:\/\/planetesport.dz\/index.php?rest_route=\/wp\/v2\/posts\/143896\/revisions\/144053"}],"wp:featuredmedia":[{"embeddable":true,"href":"http:\/\/planetesport.dz\/index.php?rest_route=\/wp\/v2\/media\/143966"}],"wp:attachment":[{"href":"http:\/\/planetesport.dz\/index.php?rest_route=%2Fwp%2Fv2%2Fmedia&parent=143896"}],"wp:term":[{"taxonomy":"category","embeddable":true,"href":"http:\/\/planetesport.dz\/index.php?rest_route=%2Fwp%2Fv2%2Fcategories&post=143896"},{"taxonomy":"post_tag","embeddable":true,"href":"http:\/\/planetesport.dz\/index.php?rest_route=%2Fwp%2Fv2%2Ftags&post=143896"}],"curies":[{"name":"wp","href":"https:\/\/api.w.org\/{rel}","templated":true}]}}