{"id":143893,"date":"2026-03-05T05:58:22","date_gmt":"2026-03-05T05:58:22","guid":{"rendered":"https:\/\/planetesport.dz\/?p=143893"},"modified":"2026-03-05T05:58:22","modified_gmt":"2026-03-05T05:58:22","slug":"le-dinamo-zagreb-clarifie-la-situation-de-bennacer","status":"publish","type":"post","link":"http:\/\/planetesport.dz\/?p=143893","title":{"rendered":"Le Dinamo Zagreb clarifie\u00a0 la situation de Bennacer"},"content":{"rendered":"<div>Le Dinamo Zagreb a mis fin aux sp\u00e9culations entourant l\u2019absence de l\u2019international alg\u00e9rien Isma\u00ebl Bennacer, en confirmant que le joueur se trouve actuellement au Qatar pour y suivre un traitement m\u00e9dical sp\u00e9cialis\u00e9.<\/div>\n<div><\/div>\n<div>Absent depuis plus d\u2019un mois apr\u00e8s sa blessure contract\u00e9e face \u00e0 Osijek, Bennacer avait suscit\u00e9 de nombreuses interrogations dans les m\u00e9dias croates, notamment en raison de son absence du territoire croate.<\/div>\n<div><\/div>\n<div><strong>En soins \u00e0 Aspetar<\/strong><\/div>\n<div>Dans une r\u00e9ponse adress\u00e9e au m\u00e9dia croate Jutarnji, le club a pr\u00e9cis\u00e9 que le milieu de terrain suit actuellement un protocole de soins \u00e0 la clinique Aspetar, \u00e0 Doha, consid\u00e9r\u00e9e comme l\u2019un des centres de m\u00e9decine sportive les plus r\u00e9put\u00e9s au monde. Selon le communiqu\u00e9 du Dinamo, la d\u00e9cision d\u2019envoyer le joueur au Qatar a \u00e9t\u00e9 prise en accord avec la F\u00e9d\u00e9ration alg\u00e9rienne de football, tandis que Bennacer prend personnellement en charge les frais li\u00e9s au traitement. Le club a \u00e9galement indiqu\u00e9 que le processus de r\u00e9cup\u00e9ration \u00e9volue tr\u00e8s positivement et que le retour du joueur \u00e0 Zagreb est programm\u00e9 pour mardi prochain. Il pourrait \u00eatre disponible apr\u00e8s la rencontre face \u00e0 Hajduk Split, pr\u00e9vue le 8 mars. La direction du Dinamo a refus\u00e9 de commenter les rumeurs \u00e9voquant un \u00e9ventuel d\u00e9placement pour des raisons personnelles ou religieuses, soulignant qu\u2019elle ne souhaite pas s\u2019exprimer sur la vie priv\u00e9e du joueur.<\/div>\n<div><\/div>\n<div><strong>Un avenir toujours en question<\/strong><\/div>\n<div>Les blessures r\u00e9p\u00e9t\u00e9es ont frein\u00e9 la progression de Bennacer ces derni\u00e8res ann\u00e9es, affectant sa r\u00e9gularit\u00e9 au plus haut niveau. Cette situation relance les interrogations quant \u00e0 son avenir, d\u2019autant que le Dinamo h\u00e9siterait \u00e0 lever l\u2019option li\u00e9e \u00e0 son pr\u00eat en provenance de l\u2019AC Milan. Le milieu alg\u00e9rien garde n\u00e9anmoins l\u2019ambition de retrouver son meilleur niveau. Son objectif est de revenir en pleine forme afin de convaincre le s\u00e9lectionneur national de compter sur lui pour la prochaine Coupe du monde.<\/div>\n<div><\/div>\n<div style=\"text-align: right\"><strong>Djamel ABED<\/strong><\/div>\n","protected":false},"excerpt":{"rendered":"<p>Le Dinamo Zagreb a mis fin aux sp\u00e9culations entourant l\u2019absence de l\u2019international alg\u00e9rien Isma\u00ebl Bennacer, en confirmant que le joueur se trouve actuellement au Qatar pour y suivre un traitement m\u00e9dical sp\u00e9cialis\u00e9. Absent depuis plus d\u2019un mois apr\u00e8s sa blessure contract\u00e9e face \u00e0 Osijek, Bennacer avait suscit\u00e9 de nombreuses interrogations dans les m\u00e9dias croates, notamment &hellip;<\/p>\n","protected":false},"author":3,"featured_media":143964,"comment_status":"closed","ping_status":"closed","sticky":false,"template":"","format":"standard","meta":{"footnotes":""},"categories":[128],"tags":[],"class_list":["post-143893","post","type-post","status-publish","format-standard","has-post-thumbnail","hentry","category-football-etranger"],"_links":{"self":[{"href":"http:\/\/planetesport.dz\/index.php?rest_route=\/wp\/v2\/posts\/143893","targetHints":{"allow":["GET"]}}],"collection":[{"href":"http:\/\/planetesport.dz\/index.php?rest_route=\/wp\/v2\/posts"}],"about":[{"href":"http:\/\/planetesport.dz\/index.php?rest_route=\/wp\/v2\/types\/post"}],"author":[{"embeddable":true,"href":"http:\/\/planetesport.dz\/index.php?rest_route=\/wp\/v2\/users\/3"}],"replies":[{"embeddable":true,"href":"http:\/\/planetesport.dz\/index.php?rest_route=%2Fwp%2Fv2%2Fcomments&post=143893"}],"version-history":[{"count":1,"href":"http:\/\/planetesport.dz\/index.php?rest_route=\/wp\/v2\/posts\/143893\/revisions"}],"predecessor-version":[{"id":144050,"href":"http:\/\/planetesport.dz\/index.php?rest_route=\/wp\/v2\/posts\/143893\/revisions\/144050"}],"wp:featuredmedia":[{"embeddable":true,"href":"http:\/\/planetesport.dz\/index.php?rest_route=\/wp\/v2\/media\/143964"}],"wp:attachment":[{"href":"http:\/\/planetesport.dz\/index.php?rest_route=%2Fwp%2Fv2%2Fmedia&parent=143893"}],"wp:term":[{"taxonomy":"category","embeddable":true,"href":"http:\/\/planetesport.dz\/index.php?rest_route=%2Fwp%2Fv2%2Fcategories&post=143893"},{"taxonomy":"post_tag","embeddable":true,"href":"http:\/\/planetesport.dz\/index.php?rest_route=%2Fwp%2Fv2%2Ftags&post=143893"}],"curies":[{"name":"wp","href":"https:\/\/api.w.org\/{rel}","templated":true}]}}