{"id":143888,"date":"2026-03-05T05:58:13","date_gmt":"2026-03-05T05:58:13","guid":{"rendered":"https:\/\/planetesport.dz\/?p=143888"},"modified":"2026-03-05T05:58:13","modified_gmt":"2026-03-05T05:58:13","slug":"chergui-de-retour-apres-une-longue-absence","status":"publish","type":"post","link":"http:\/\/planetesport.dz\/?p=143888","title":{"rendered":"Chergui de retour apr\u00e8s une longue absence"},"content":{"rendered":"<div>L\u2019international alg\u00e9rien Samir Chergui a repris l\u2019entra\u00eenement collectif avec le Paris FC, mettant fin \u00e0 plusieurs semaines d\u2019absence li\u00e9es \u00e0 une blessure contract\u00e9e lors de la derni\u00e8re Coupe d\u2019Afrique des nations. Selon la presse fran\u00e7aise, le d\u00e9fenseur a particip\u00e9 normalement \u00e0 la s\u00e9ance de reprise.<\/div>\n<div>Touch\u00e9 musculairement, Chergui avait pourtant rejoint le stage de la s\u00e9lection en novembre et disput\u00e9 deux rencontres avant que sa situation ne se complique. Maintenu dans le groupe pour la CAN, il avait finalement \u00e9t\u00e9 diagnostiqu\u00e9 d\u2019une d\u00e9chirure de grade 1. Apr\u00e8s une heure de jeu face au Burkina Faso, de nouvelles douleurs l\u2019avaient contraint \u00e0 renoncer \u00e0 la suite du tournoi, malgr\u00e9 une tentative de retour avant les quarts de finale.<\/div>\n<div>Son dossier avait suscit\u00e9 quelques divergences entre son club et la s\u00e9lection, le Paris FC privil\u00e9giant un retour rapide pour soins, tandis que la f\u00e9d\u00e9ration avait choisi de le conserver dans le groupe. D\u00e9sormais r\u00e9tabli, le joueur avance avec prudence. Le staff parisien ne souhaite prendre aucun risque et pourrait viser un retour officiel \u00e0 la comp\u00e9tition face \u00e0 Strasbourg, si tout \u00e9volue favorablement. Cette reprise constitue une bonne nouvelle pour le s\u00e9lectionneur Vladimir Petkovi\u0107, \u00e0 l\u2019approche du prochain rassemblement. Chergui reste une option d\u00e9fensive appr\u00e9ci\u00e9e pour sa rigueur et son engagement.<\/div>\n<div><\/div>\n<div style=\"text-align: right\"><strong>Djamel ABED<\/strong><\/div>\n","protected":false},"excerpt":{"rendered":"<p>L\u2019international alg\u00e9rien Samir Chergui a repris l\u2019entra\u00eenement collectif avec le Paris FC, mettant fin \u00e0 plusieurs semaines d\u2019absence li\u00e9es \u00e0 une blessure contract\u00e9e lors de la derni\u00e8re Coupe d\u2019Afrique des nations. Selon la presse fran\u00e7aise, le d\u00e9fenseur a particip\u00e9 normalement \u00e0 la s\u00e9ance de reprise. Touch\u00e9 musculairement, Chergui avait pourtant rejoint le stage de la &hellip;<\/p>\n","protected":false},"author":3,"featured_media":142352,"comment_status":"closed","ping_status":"closed","sticky":false,"template":"","format":"standard","meta":{"footnotes":""},"categories":[128],"tags":[],"class_list":["post-143888","post","type-post","status-publish","format-standard","has-post-thumbnail","hentry","category-football-etranger"],"_links":{"self":[{"href":"http:\/\/planetesport.dz\/index.php?rest_route=\/wp\/v2\/posts\/143888","targetHints":{"allow":["GET"]}}],"collection":[{"href":"http:\/\/planetesport.dz\/index.php?rest_route=\/wp\/v2\/posts"}],"about":[{"href":"http:\/\/planetesport.dz\/index.php?rest_route=\/wp\/v2\/types\/post"}],"author":[{"embeddable":true,"href":"http:\/\/planetesport.dz\/index.php?rest_route=\/wp\/v2\/users\/3"}],"replies":[{"embeddable":true,"href":"http:\/\/planetesport.dz\/index.php?rest_route=%2Fwp%2Fv2%2Fcomments&post=143888"}],"version-history":[{"count":1,"href":"http:\/\/planetesport.dz\/index.php?rest_route=\/wp\/v2\/posts\/143888\/revisions"}],"predecessor-version":[{"id":144046,"href":"http:\/\/planetesport.dz\/index.php?rest_route=\/wp\/v2\/posts\/143888\/revisions\/144046"}],"wp:featuredmedia":[{"embeddable":true,"href":"http:\/\/planetesport.dz\/index.php?rest_route=\/wp\/v2\/media\/142352"}],"wp:attachment":[{"href":"http:\/\/planetesport.dz\/index.php?rest_route=%2Fwp%2Fv2%2Fmedia&parent=143888"}],"wp:term":[{"taxonomy":"category","embeddable":true,"href":"http:\/\/planetesport.dz\/index.php?rest_route=%2Fwp%2Fv2%2Fcategories&post=143888"},{"taxonomy":"post_tag","embeddable":true,"href":"http:\/\/planetesport.dz\/index.php?rest_route=%2Fwp%2Fv2%2Ftags&post=143888"}],"curies":[{"name":"wp","href":"https:\/\/api.w.org\/{rel}","templated":true}]}}