{"id":143109,"date":"2026-02-28T06:41:08","date_gmt":"2026-02-28T06:41:08","guid":{"rendered":"https:\/\/planetesport.dz\/?p=143109"},"modified":"2026-02-28T06:41:08","modified_gmt":"2026-02-28T06:41:08","slug":"abdelmadjid-seddiki-je-veux-que-lalgerie-soit-fiere-de-moi-et-reconnaisse-mes-sacrifices","status":"publish","type":"post","link":"http:\/\/planetesport.dz\/?p=143109","title":{"rendered":"Abdelmadjid Seddiki : \u00ab Je veux que l\u2019Alg\u00e9rie soit fi\u00e8re de moi et reconnaisse mes sacrifices \u00bb"},"content":{"rendered":"<div><strong>N\u00e9 le 9 ao\u00fbt 1945 \u00e0 la Casbah d&rsquo;Alger, fief de son club favori, le MCA, il a d\u00e9but\u00e9 la pratique du judo en 1958 au club royal JCC de Casablanca (Maroc). En 1962, il r\u00e9ussit le passage de ceinture noire 1er dan.\u00a0<\/strong><\/div>\n<div><\/div>\n<div>En 1963, il signe au club de Bab El-Oued le SABO, sous la coupe des entra\u00eeneurs Arnold Roland et Mohamed Ma\u00e2chou. Avec ce club, Seddiki remporte, en 1964, la Coupe de la ville d&rsquo;El-Asnam (Chlef). Il est ensuite plusieurs fois champion d&rsquo;Alg\u00e9rie, entre 1964 et 1970. Il est s\u00e9lectionn\u00e9 en \u00e9quipe nationale d&rsquo;Alg\u00e9rie en 1970, et il participe \u00e0 un stage de formation des ceintures noires \u00e0 Alger, conduit par des experts japonais. En 1971, il participe aux Jeux maghr\u00e9bins au Maroc, et poursuit sa progression en prenant part r\u00e9guli\u00e8rement aux diff\u00e9rents stages de perfectionnement d\u2019experts \u00e9trangers tels que Clinquemail, Roger Verne ou Nakamura. En 1972, il participe au stage et examen de passage de grade au Kodokan de Tokyo. En 1976, il obtient le grade de 3e dan, et en 1989, passage au 4e dan au Japon. En 2002, il obtient le 5e dan, toujours au Japon, avant de r\u00e9ussir avec succ\u00e8s le passage de grade du 6e dan en Suisse, en 2017, et en 2023 il obtient son 7e dan, toujours en Suisse. R\u00e9sidant en France, il est aujourd\u2019hui le pr\u00e9sident de l\u2019Union des judokas alg\u00e9riens en Europe. Ce grand monsieur du judo, qui est un bel exemple pour les jeunes et un mod\u00e8le de dignit\u00e9 et de passion, nous rappelle que l\u2019\u00e2ge n\u2019est qu\u2019un nombre.<\/div>\n<div><\/div>\n<div><strong>Parlez-nous, pour commencer, de vos d\u00e9buts dans le judo ?\u00a0<\/strong><\/div>\n<div>Ma passion pour le judo a commenc\u00e9 en 1958, \u00e0 Casablanca. En 1962, je rentre au pays et signe une licence avec le club de Bab El-Oued le SABO, sous la coupe des entra\u00eeneurs Arnold Roland et Mohamed Ma\u00e2chou. En 1963, je r\u00e9ussis le passage de ceinture noire 1er dan et, du m\u00eame coup, je d\u00e9croche le troph\u00e9e de la Coupe de la ville d&rsquo;El-Asnam (Chlef) en 1964\u2026<\/div>\n<div><\/div>\n<div><strong>Durant votre parcours, vous avez \u00e9galement occup\u00e9 plusieurs fonctions \u2026<\/strong><\/div>\n<div>Oui. Pr\u00e9sident de la Ligue d&rsquo;Alger en 1972-1973, secr\u00e9taire permanent de la F\u00e9d\u00e9ration alg\u00e9rienne de judo (FAJ), organisateur des Jeux m\u00e9diterran\u00e9ens d&rsquo;Alger en 1975, correspondant permanent pour l&rsquo;Alg\u00e9rie de la revue Budo Magazine Europe entre 1972 et 1977, entra\u00eeneur \u00e0 \u00ab American School \u00bb aupr\u00e8s de l&rsquo;ambassade des USA en Alg\u00e9rie de 1970 \u00e0 1976, membre fondateur de deux sections de judo au sein de la Sonatrach (Caroubier et Saint Michel) en 1972, entra\u00eeneur et directeur technique du Judo Club ARD Alger de 1972 \u00e0 1977\u2026<\/div>\n<div><\/div>\n<div><strong>Vous avez \u00e9galement occup\u00e9 des fonctions \u00e0 l\u2019\u00e9tranger ?<\/strong><\/div>\n<div>Aussi. Membre de l&rsquo;\u00e9quipe dirigeante du Red Star Club de Montreuil (France) de 1980 \u00e0 1990, entra\u00eeneur b\u00e9n\u00e9vole \u00e0 Montreuil (France) de 1989 \u00e0 1994, accompagnateur de l&rsquo;\u00e9quipe nationale d&rsquo;Alg\u00e9rie f\u00e9minine aux Jeux olympiques de Londres 2012 et de Rio de Janeiro en 2016, \u00e9tudiant au CNAM (Conservatoire national des arts et m\u00e9tiers), directeur \u00e0 Courtier Assurance Paris, ambassadeur pour l&rsquo;Afrique de la World ind\u00e9pendant Budo Kai (WIBK)\u2026 Aujourd\u2019hui, je suis pr\u00e9sident de l\u2019Union des judokas alg\u00e9riens d\u2019Europe (UJALE), \u00e0 Paris.<\/div>\n<div><\/div>\n<div><strong>Dans quelles circonstances et dans quel but avez-vous cr\u00e9\u00e9 l\u2019UJALE ?\u00a0\u00a0<\/strong><\/div>\n<div>J\u2019ai fond\u00e9 l\u2019UJALE dans le but de promouvoir le judo et de faire une passerelle entre l\u2019Alg\u00e9rie, le Japon et la France. L\u2019id\u00e9e de cr\u00e9er cette association a germ\u00e9 lors d\u2019un tournoi de Paris, qui a vu la pr\u00e9sence d\u2019un bon nombre de judokas alg\u00e9riens \u00e9voluant en Europe, et qui m\u2019avaient sollicit\u00e9 pour leur encadrement au sein d\u2019une association. Et comme je suis un fonceur, j\u2019ai accept\u00e9 sans r\u00e9fl\u00e9chir, malgr\u00e9 mes obligations professionnelles. Cette association a \u00e9t\u00e9 donc cr\u00e9\u00e9e le 6 ao\u00fbt 2021. J\u2019ai d\u00fb surmonter toutes les difficult\u00e9s et comme je connais presque tous les judokas d\u2019Europe et au regard de ma cr\u00e9dibilit\u00e9, l\u2019UJALE a pu voir le jour, et compte 100 adh\u00e9rents \u00e0 Paris et pr\u00e8s de 1500 followers. Je suis \u00e9galement membre d\u2019une association d\u00e9nomm\u00e9e \u00ab Judo\u2019S \u00bb, dont le pr\u00e9sident est Kose Inoue, un des plus grands champions du japon. Une association qui r\u00e9cup\u00e8re tous les kimonos du monde pour les offrir aux pays qui d\u00e9veloppent le judo.<\/div>\n<div><\/div>\n<div><strong>Un commentaire sur votre titre de champion du monde des v\u00e9t\u00e9rans, d\u00e9croch\u00e9 en Suisse \u00e0 l\u2019\u00e2ge de 79 ans ?<\/strong><\/div>\n<div>Malgr\u00e9 mon \u00e2ge, qui n\u2019est pas du tout un handicap, j\u2019ai abord\u00e9 cette comp\u00e9tition mondiale consacr\u00e9e aux v\u00e9t\u00e9rans, organis\u00e9e par la World Ind\u00e9pendant Budo Kai (WIBK) en Suisse, en toute confiance. Arriver \u00e0 un certain \u00e2ge, on ne combat plus avec le physique, mais avec les techniques et le mental.\u00a0 J\u2019ai combattu dans la cat\u00e9gorie des plus 70 ans et je suis heureux d\u2019\u00eatre toujours sur mes pieds. J\u2019ai d\u00e9j\u00e0 eu l\u2019occasion de remporter le titre mondial en 2017 et en 2023. Il n\u2019y a pas de secret \u00e0 cela, mais seulement, il faut croire en soi et en ses capacit\u00e9s. Cette manifestation sportive mondiale, qui rassemble les meilleurs judokas, dont des masters, est l\u2019un des \u00e9v\u00e9nements annuels les plus importants en Suisse. L\u2019Alg\u00e9rie y prend part chaque ann\u00e9e avec des judokas.<\/div>\n<div><\/div>\n<div><strong>Quel est votre regard sur le judo alg\u00e9rien actuellement ?<\/strong><\/div>\n<div>Je suis pein\u00e9 de voir le judo national dans cette situation de r\u00e9gression. Cela dit, on peut y rem\u00e9dier, en cherchant des gens comp\u00e9tents et en renouvelant les instances. Le judo a besoin de d\u2019hommes d\u2019exp\u00e9rience, il suffit d\u2019avoir de la volont\u00e9. Je lance un appel aux hautes instances sportives pour que le judo soit remis entre de bonnes mains, afin qu\u2019il puisse retrouver ses lettres de noblesses.<\/div>\n<div><\/div>\n<div><strong>Un mot pour conclure ?\u00a0<\/strong><\/div>\n<div>Tout ce que je fais, c\u2019est pour l\u2019Alg\u00e9rie, je n\u2019ai aucune subvention et je puise de mes deniers personnels pour faire tourner l\u2019association. Je suis fils de chahid et je veux simplement que l\u2019Alg\u00e9rie soit fi\u00e8re de moi et reconnaisse au moins mes sacrifices.<\/div>\n<div><\/div>\n<div style=\"text-align: right\"><strong>Propos recueillis par Sadek B.\u00a0<\/strong><\/div>\n<div><\/div>\n<div><\/div>\n<div><\/div>\n","protected":false},"excerpt":{"rendered":"<p>N\u00e9 le 9 ao\u00fbt 1945 \u00e0 la Casbah d&rsquo;Alger, fief de son club favori, le MCA, il a d\u00e9but\u00e9 la pratique du judo en 1958 au club royal JCC de Casablanca (Maroc). En 1962, il r\u00e9ussit le passage de ceinture noire 1er dan.\u00a0 En 1963, il signe au club de Bab El-Oued le SABO, sous &hellip;<\/p>\n","protected":false},"author":3,"featured_media":143144,"comment_status":"closed","ping_status":"closed","sticky":false,"template":"","format":"standard","meta":{"footnotes":""},"categories":[162,129],"tags":[],"class_list":["post-143109","post","type-post","status-publish","format-standard","has-post-thumbnail","hentry","category-judo","category-omnisport"],"_links":{"self":[{"href":"http:\/\/planetesport.dz\/index.php?rest_route=\/wp\/v2\/posts\/143109","targetHints":{"allow":["GET"]}}],"collection":[{"href":"http:\/\/planetesport.dz\/index.php?rest_route=\/wp\/v2\/posts"}],"about":[{"href":"http:\/\/planetesport.dz\/index.php?rest_route=\/wp\/v2\/types\/post"}],"author":[{"embeddable":true,"href":"http:\/\/planetesport.dz\/index.php?rest_route=\/wp\/v2\/users\/3"}],"replies":[{"embeddable":true,"href":"http:\/\/planetesport.dz\/index.php?rest_route=%2Fwp%2Fv2%2Fcomments&post=143109"}],"version-history":[{"count":1,"href":"http:\/\/planetesport.dz\/index.php?rest_route=\/wp\/v2\/posts\/143109\/revisions"}],"predecessor-version":[{"id":143180,"href":"http:\/\/planetesport.dz\/index.php?rest_route=\/wp\/v2\/posts\/143109\/revisions\/143180"}],"wp:featuredmedia":[{"embeddable":true,"href":"http:\/\/planetesport.dz\/index.php?rest_route=\/wp\/v2\/media\/143144"}],"wp:attachment":[{"href":"http:\/\/planetesport.dz\/index.php?rest_route=%2Fwp%2Fv2%2Fmedia&parent=143109"}],"wp:term":[{"taxonomy":"category","embeddable":true,"href":"http:\/\/planetesport.dz\/index.php?rest_route=%2Fwp%2Fv2%2Fcategories&post=143109"},{"taxonomy":"post_tag","embeddable":true,"href":"http:\/\/planetesport.dz\/index.php?rest_route=%2Fwp%2Fv2%2Ftags&post=143109"}],"curies":[{"name":"wp","href":"https:\/\/api.w.org\/{rel}","templated":true}]}}