{"id":143021,"date":"2026-02-28T06:31:01","date_gmt":"2026-02-28T06:31:01","guid":{"rendered":"https:\/\/planetesport.dz\/?p=143021"},"modified":"2026-02-28T06:31:01","modified_gmt":"2026-02-28T06:31:01","slug":"aprilia-frappe-fort-dentree-bezzecchi-en-patron","status":"publish","type":"post","link":"http:\/\/planetesport.dz\/?p=143021","title":{"rendered":"Aprilia frappe fort d\u2019entr\u00e9e, Bezzecchi en patron"},"content":{"rendered":"<p><strong>La saison 2026 de MotoGP d\u00e9bute sous le signe d\u2019Aprilia sur le trac\u00e9 du Chang International Circuit. Impressionnant de ma\u00eetrise, Marco Bezzecchi a confirm\u00e9 son excellente dynamique de fin 2025 en dominant les pr\u00e9qualifications en 1\u201928\u2019\u2019526, apr\u00e8s avoir d\u00e9j\u00e0 survol\u00e9 les essais libres du matin (1\u201929\u2019\u2019346).<\/strong><\/p>\n<p>Le duel attendu avec la Ducati du champion du monde Marc M\u00e1rquez a bien eu lieu. Rest\u00e9 discret en matin\u00e9e (6e temps), l\u2019Espagnol a hauss\u00e9 le ton en fin de s\u00e9ance pour s\u2019emparer de la deuxi\u00e8me place, \u00e0 un peu plus de quatre dixi\u00e8mes de l\u2019Italien. Derri\u00e8re ce duo de r\u00e9f\u00e9rence, Fabio Di Giannantonio place la Ducati du Team VR46 au troisi\u00e8me rang, devant le jeune prodige Pedro Acosta (KTM). Excellente journ\u00e9e \u00e9galement pour Aprilia, confirm\u00e9e par la cinqui\u00e8me position de Jorge Mart\u00edn, visiblement en progr\u00e8s apr\u00e8s un hiver consacr\u00e9 \u00e0 sa r\u00e9\u00e9ducation. \u00c1lex M\u00e1rquez (Ducati Gresini) signe le sixi\u00e8me temps, devant Joan Mir (Honda). Compl\u00e8tent le Top 10 directement qualifi\u00e9 pour la Q2 : Brad Binder (KTM), Ai Ogura (Aprilia Trackhouse) et Johann Zarco (Honda LCR). En revanche, Francesco Bagnaia est en retrait, seulement 19e avec la seconde Ducati officielle. La journ\u00e9e d\u2019aujourd\u2019hui proposera les FP2, les qualifications puis la premi\u00e8re sprint de la saison, d\u00e9j\u00e0 tr\u00e8s attendue.<\/p>\n<p style=\"text-align: right\"><strong>Amayas LAAZIB<\/strong><\/p>\n","protected":false},"excerpt":{"rendered":"<p>La saison 2026 de MotoGP d\u00e9bute sous le signe d\u2019Aprilia sur le trac\u00e9 du Chang International Circuit. Impressionnant de ma\u00eetrise, Marco Bezzecchi a confirm\u00e9 son excellente dynamique de fin 2025 en dominant les pr\u00e9qualifications en 1\u201928\u2019\u2019526, apr\u00e8s avoir d\u00e9j\u00e0 survol\u00e9 les essais libres du matin (1\u201929\u2019\u2019346). Le duel attendu avec la Ducati du champion du &hellip;<\/p>\n","protected":false},"author":3,"featured_media":143086,"comment_status":"closed","ping_status":"closed","sticky":false,"template":"","format":"standard","meta":{"footnotes":""},"categories":[157],"tags":[],"class_list":["post-143021","post","type-post","status-publish","format-standard","has-post-thumbnail","hentry","category-motosports"],"_links":{"self":[{"href":"http:\/\/planetesport.dz\/index.php?rest_route=\/wp\/v2\/posts\/143021","targetHints":{"allow":["GET"]}}],"collection":[{"href":"http:\/\/planetesport.dz\/index.php?rest_route=\/wp\/v2\/posts"}],"about":[{"href":"http:\/\/planetesport.dz\/index.php?rest_route=\/wp\/v2\/types\/post"}],"author":[{"embeddable":true,"href":"http:\/\/planetesport.dz\/index.php?rest_route=\/wp\/v2\/users\/3"}],"replies":[{"embeddable":true,"href":"http:\/\/planetesport.dz\/index.php?rest_route=%2Fwp%2Fv2%2Fcomments&post=143021"}],"version-history":[{"count":1,"href":"http:\/\/planetesport.dz\/index.php?rest_route=\/wp\/v2\/posts\/143021\/revisions"}],"predecessor-version":[{"id":143155,"href":"http:\/\/planetesport.dz\/index.php?rest_route=\/wp\/v2\/posts\/143021\/revisions\/143155"}],"wp:featuredmedia":[{"embeddable":true,"href":"http:\/\/planetesport.dz\/index.php?rest_route=\/wp\/v2\/media\/143086"}],"wp:attachment":[{"href":"http:\/\/planetesport.dz\/index.php?rest_route=%2Fwp%2Fv2%2Fmedia&parent=143021"}],"wp:term":[{"taxonomy":"category","embeddable":true,"href":"http:\/\/planetesport.dz\/index.php?rest_route=%2Fwp%2Fv2%2Fcategories&post=143021"},{"taxonomy":"post_tag","embeddable":true,"href":"http:\/\/planetesport.dz\/index.php?rest_route=%2Fwp%2Fv2%2Ftags&post=143021"}],"curies":[{"name":"wp","href":"https:\/\/api.w.org\/{rel}","templated":true}]}}