{"id":138395,"date":"2026-01-24T23:24:10","date_gmt":"2026-01-24T23:24:10","guid":{"rendered":"https:\/\/planetesport.dz\/?p=138395"},"modified":"2026-01-24T23:24:10","modified_gmt":"2026-01-24T23:24:10","slug":"coup-darret-pour-kourdi","status":"publish","type":"post","link":"http:\/\/planetesport.dz\/?p=138395","title":{"rendered":"Coup d\u2019arr\u00eat pour Kourdi"},"content":{"rendered":"<p>La progression de Walid Kourdi conna\u00eet un coup d\u2019arr\u00eat inattendu. \u00c2g\u00e9 de 20 ans, l\u2019arri\u00e8re lat\u00e9ral gauche, apparu une seule fois cette saison, a \u00e9t\u00e9 contraint de lever le pied ces derniers jours \u00e0 la suite d\u2019une blessure contract\u00e9e \u00e0 l\u2019entra\u00eenement. Selon nos informations, le jeune d\u00e9fenseur a \u00e9t\u00e9 touch\u00e9 \u00e0 la cheville lors d\u2019une s\u00e9ance collective. Une blessure qui l\u2019a oblig\u00e9 \u00e0 porter une attelle et \u00e0 observer une p\u00e9riode de repos forc\u00e9, conform\u00e9ment aux recommandations du staff m\u00e9dical. Si la gravit\u00e9 de la blessure n\u2019inspire pas d\u2019inqui\u00e9tude majeure, elle n\u00e9cessite toutefois de la prudence afin d\u2019\u00e9viter toute rechute. Dans ces conditions, Walid Kourdi ne devrait pas retrouver la comp\u00e9tition avant quelques semaines. Une absence qui freine momentan\u00e9ment les ambitions du joueur, d\u00e9sireux de s\u2019imposer progressivement et de gagner davantage de temps de jeu. En attendant son retour sur les terrains, le lat\u00e9ral gauche tentera de maintenir sa condition physique \u00e0 travers un programme adapt\u00e9. Il effectuera notamment des exercices en solo \u00e0 la salle de musculation, dans le but de pr\u00e9server sa forme en attendant la reprise compl\u00e8te des entra\u00eenements collectifs. Un contretemps frustrant pour le jeune joueur, mais une \u00e9tape \u00e0 g\u00e9rer avec patience dans le parcours d\u2019un \u00e9l\u00e9ment encore en phase d\u2019apprentissage et de d\u00e9veloppement.<\/p>\n<p style=\"text-align: right\">\n<strong>N. A.<\/strong><\/p>\n","protected":false},"excerpt":{"rendered":"<p>La progression de Walid Kourdi conna\u00eet un coup d\u2019arr\u00eat inattendu. \u00c2g\u00e9 de 20 ans, l\u2019arri\u00e8re lat\u00e9ral gauche, apparu une seule fois cette saison, a \u00e9t\u00e9 contraint de lever le pied ces derniers jours \u00e0 la suite d\u2019une blessure contract\u00e9e \u00e0 l\u2019entra\u00eenement. Selon nos informations, le jeune d\u00e9fenseur a \u00e9t\u00e9 touch\u00e9 \u00e0 la cheville lors d\u2019une &hellip;<\/p>\n","protected":false},"author":3,"featured_media":138444,"comment_status":"closed","ping_status":"closed","sticky":false,"template":"","format":"standard","meta":{"footnotes":""},"categories":[127],"tags":[],"class_list":["post-138395","post","type-post","status-publish","format-standard","has-post-thumbnail","hentry","category-football-algerien"],"_links":{"self":[{"href":"http:\/\/planetesport.dz\/index.php?rest_route=\/wp\/v2\/posts\/138395","targetHints":{"allow":["GET"]}}],"collection":[{"href":"http:\/\/planetesport.dz\/index.php?rest_route=\/wp\/v2\/posts"}],"about":[{"href":"http:\/\/planetesport.dz\/index.php?rest_route=\/wp\/v2\/types\/post"}],"author":[{"embeddable":true,"href":"http:\/\/planetesport.dz\/index.php?rest_route=\/wp\/v2\/users\/3"}],"replies":[{"embeddable":true,"href":"http:\/\/planetesport.dz\/index.php?rest_route=%2Fwp%2Fv2%2Fcomments&post=138395"}],"version-history":[{"count":1,"href":"http:\/\/planetesport.dz\/index.php?rest_route=\/wp\/v2\/posts\/138395\/revisions"}],"predecessor-version":[{"id":138499,"href":"http:\/\/planetesport.dz\/index.php?rest_route=\/wp\/v2\/posts\/138395\/revisions\/138499"}],"wp:featuredmedia":[{"embeddable":true,"href":"http:\/\/planetesport.dz\/index.php?rest_route=\/wp\/v2\/media\/138444"}],"wp:attachment":[{"href":"http:\/\/planetesport.dz\/index.php?rest_route=%2Fwp%2Fv2%2Fmedia&parent=138395"}],"wp:term":[{"taxonomy":"category","embeddable":true,"href":"http:\/\/planetesport.dz\/index.php?rest_route=%2Fwp%2Fv2%2Fcategories&post=138395"},{"taxonomy":"post_tag","embeddable":true,"href":"http:\/\/planetesport.dz\/index.php?rest_route=%2Fwp%2Fv2%2Ftags&post=138395"}],"curies":[{"name":"wp","href":"https:\/\/api.w.org\/{rel}","templated":true}]}}